{"id":19195,"date":"2024-01-17T07:53:00","date_gmt":"2024-01-17T10:53:00","guid":{"rendered":"https:\/\/www.semanariolocal.cl\/?p=19195"},"modified":"2024-01-18T11:56:44","modified_gmt":"2024-01-18T14:56:44","slug":"ulagos-matricula-a-sus-nuevos-estudiantes-2024-en-campus-y-sede","status":"publish","type":"post","link":"https:\/\/www.semanariolocal.cl\/?p=19195","title":{"rendered":"ULagos matricula a sus nuevos estudiantes 2024 en campus y sede"},"content":{"rendered":"\n<p>Desde primera hora de la ma\u00f1ana en todos los campus y sedes de la Universidad de Los Lagos comenzaron a llegar los y las estudiantes para matricularse en alguna de las carreras seleccionadas, de acuerdo al puntaje obtenido en la PAES.<\/p>\n\n\n\n<p>Con 5 carreras nuevas este a\u00f1o y con un gran abanico de posibilidades de formaci\u00f3n profesional en \u00e1reas de salud, educaci\u00f3n e ingenier\u00edas, la ULagos se instala como la Universidad p\u00fablica y regional de mayor posicionamiento, mayor cantidad de matriculados y con la m\u00e1s amplia gama de carreras en la Regi\u00f3n de Los Lagos.<\/p>\n\n\n\n<p>Es precisamente a esta instituci\u00f3n, con una matr\u00edcula que bordea los 10 mil estudiantes, que quisieron ingresar los nuevos alumnos (as) provenientes de la regi\u00f3n y del pa\u00eds.<\/p>\n\n\n\n<p><strong>Felipe Vergara<\/strong>, es de R\u00edo Bueno y decidi\u00f3 estudiar en la ULagos Osorno porque as\u00ed estar\u00e1 m\u00e1s cerca de su casa y porque qued\u00f3 en la carrera que deseaba, enfermer\u00eda. \u201c<em>Siempre me ha gustado el \u00e1rea de la salud, en mi familia tambi\u00e9n hay enfermeros as\u00ed es que estoy feliz. Estoy nervioso, pero siempre he sido buen alumno as\u00ed es que espero que aqu\u00ed tambi\u00e9n me vaya bien. Ahora me tocar\u00e1 levantarme m\u00e1s temprano porque viajar\u00e9 todos los d\u00edas\u201d.<\/em><\/p>\n\n\n\n<p><strong>Bel\u00e9n Fontt<\/strong>&nbsp;tiene 18 a\u00f1os, egres\u00f3 del colegio San Jos\u00e9 y hoy es una estudiante ULagos de la carrera de fonoaudiolog\u00eda. \u201c<em>Eleg\u00ed la Universidad de Los Lagos porque me gusta demasiado esta universidad, a mi familia le gusta y he escuchado mucho hablar de ella. Eleg\u00ed fonoaudiolog\u00eda porque me parece muy interesante el poder comunicarnos y aprender a ense\u00f1ar las lenguas, todo lo que tiene que ver con lengua de se\u00f1as. Hab\u00eda escuchado hablar de esta carrera y me enamor\u00e9 de ella.\u201d<\/em><\/p>\n\n\n\n<p><strong>Albamery Carmona<\/strong>&nbsp;es colombiana, lleva 8 a\u00f1os en Chile y est\u00e1 muy orgullosa porque su hijo ingres\u00f3 a la Universidad de Los Lagos a estudiar Contador P\u00fablico y Auditor. \u201c<em>Estoy muy feliz por \u00e9l, esto ha sido su propio esfuerzo as\u00ed es que m\u00e1s que estar feliz por eso. Me parece que esta es una excelente universidad. El es bastante juicioso y estudioso as\u00ed es que yo creo que le va a ir muy bien\u201d.<\/em><\/p>\n\n\n\n<p><strong>Cristian Carmona<\/strong>&nbsp;es su hijo y para \u00e9l la ULagos es la mejor. \u201c<em>Yo creo que entre todas las que conozco esta universidad es la mejor. Yo creo que voy a aprender mucho este a\u00f1o, tengo amigos que tambi\u00e9n se vienen para ac\u00e1 as\u00ed es que estoy con muchas ganas\u201d.<\/em><\/p>\n\n\n\n<p><strong>Vania Fern\u00e1ndez<\/strong>&nbsp;egres\u00f3 el a\u00f1o pasado del Blas Pascal y ahora se matricul\u00f3 en la carrera de Ingenier\u00eda Comercial. \u201c<em>Eleg\u00ed esta carrera porque me gustan los n\u00fameros, la contabilidad. Espero que me vaya bien y darlo todo. Me gust\u00f3 esta universidad porque tiene 5 a\u00f1os de acreditaci\u00f3n y eso tambi\u00e9n lo valor\u00e9\u201d.<\/em><\/p>\n\n\n\n<p>ATENCI\u00d3N PRESENCIAL Y ONLINE<\/p>\n\n\n\n<p>\u201c<em>Desde que tuvimos los resultados nos dimos cuenta que el comportamiento de la matr\u00edcula iba a ser desde muy temprano. Hoy (mi\u00e9rcoles 17) comenzaron a llegar las familias a matricular. Tenemos en todos nuestros campus y sedes atenci\u00f3n presencial, y asimismo, atenci\u00f3n a trav\u00e9s de nuestro call center porque sabemos que no todos tienen la posibilidad de visitar la universidad y es m\u00e1s c\u00f3modo para muchos hacerlo online. Hoy la matr\u00edcula es online y el proceso no tarda m\u00e1s de 10 minutos en nuestra plataforma<\/em>\u201d, coment\u00f3 el&nbsp;<strong>coordinador de Admisi\u00f3n, V\u00edctor Vidal.<\/strong><\/p>\n\n\n\n<p>CHILO\u00c9<\/p>\n\n\n\n<p>Desde muy temprano tambi\u00e9n en Castro los y las estudiantes se convocaron en las dependencias ULagos para hacer efectiva su matr\u00edcula luego de conocerse los resultados. La primera matriculada fue&nbsp;<strong>Carla Vargas<\/strong>, quien inaugur\u00f3 la nueva carrera que desde este a\u00f1o comienza a impartirse en Chilo\u00e9, Ingenier\u00eda Civil Inform\u00e1tica.<\/p>\n\n\n\n<p>\u201c<em>Eleg\u00ed esta carrera porque tiene un campo laboral muy amplio, tambi\u00e9n porque siempre me han apasionado las matem\u00e1ticas, la f\u00edsica, la ciencia, me encanta tambi\u00e9n que hay una mujer en la carrera y es fascinante que en la isla por primera vez haya una ingenier\u00eda, nos abre muchas posibilidades a todos<\/em>\u201d.<\/p>\n\n\n\n<p><strong>Maximiliano Heenen, director sede Chilo\u00e9<\/strong>&nbsp;tambi\u00e9n destac\u00f3 lo que ha sido este proceso. \u201c<em>Quiero felicitar al equipo de la sede por todo el trabajo desplegado el a\u00f1o anterior y durante estas semanas porque hoy tenemos m\u00e1s de 300 estudiantes matriculados en la sede con una primera estudiante en la carrera de Ingenier\u00eda Civil en Inform\u00e1tica lo cual marca un hito para la sede y para la universidad. Est\u00e1n cordialmente invitados a la sede para hablar con los equipos, para responder todas sus inquietudes\u201d.<\/em><\/p>\n\n\n\n<p>PUERTO MONTT<\/p>\n\n\n\n<p>En la capital regional el proceso se efectu\u00f3 de manera ordenada en este primer d\u00eda y fueron muchos y muchas quienes llegaron entusiasmados de poder concretar este sue\u00f1o de estudiar la carrera deseada.<\/p>\n\n\n\n<p><strong>Carolina Barr\u00eda<\/strong>&nbsp;es de Chonchi y decidi\u00f3 matricularse en la carrera de Ingenier\u00eda civil El\u00e9ctrica para continuar sus estudios t\u00e9cnicos. \u201c<em>Siento que es una gran oportunidad la que me da la Universidad de Los Lagos ya que yo postul\u00e9 a trav\u00e9s del proped\u00e9utico. Es importante que las mujeres podamos estudiar cualquier cosa que queramos\u201d.<\/em><\/p>\n\n\n\n<p><strong>Rodrigo Guerrero<\/strong>&nbsp;decidi\u00f3 estudiar Enfermer\u00eda en Puerto Montt. \u201c<em>Decid\u00ed estudiar esta carrera porque me gusta la enfermer\u00eda y el \u00e1rea de la salud, entrar a la Universidad de Los Lagos es una muy buena opci\u00f3n, espero hacerlo de la mejor forma\u201d.<\/em><\/p>\n\n\n\n<p>Las postulaciones se incrementaron en un 20% en relaci\u00f3n al a\u00f1o anterior y eso signific\u00f3 que la concurrencia a las diferentes sedes y campus tambi\u00e9n aumentara. La tendencia sigue siendo las carreras de la salud que tienen alta demanda en todos los campus y sedes y las carreras nuevas que han tenido mucho inter\u00e9s de parte de los y las estudiantes este 2024.<\/p>\n\n\n\n<p>Hasta el viernes 19 de enero se extiende el plazo para matricular a los y las estudiantes que quedaron seleccionados en las carreras elegidas. Posterior a ello se inicia la segunda etapa de matr\u00edculas en aquellas carreras que a\u00fan tengan cupos disponibles.<\/p>\n","protected":false},"excerpt":{"rendered":"<p>Osorno, Puerto Montt y Chilo\u00e9 disponen de atenci\u00f3n presencial y online para apoyar el proceso que se extender\u00e1 hasta el viernes, en una primera etapa.<\/p>\n","protected":false},"author":1,"featured_media":19196,"comment_status":"closed","ping_status":"closed","sticky":false,"template":"","format":"standard","meta":{"footnotes":""},"categories":[3,11,2483],"tags":[77,337,273,132,247,133,656,297],"class_list":["post-19195","post","type-post","status-publish","format-standard","has-post-thumbnail","hentry","category-al-dia","category-educacion","category-region","tag-educacion","tag-informacion","tag-noticias","tag-osorno","tag-region-de-los-lagos","tag-semanario-local","tag-ula","tag-universidad-de-los-lagos"],"_links":{"self":[{"href":"https:\/\/www.semanariolocal.cl\/index.php?rest_route=\/wp\/v2\/posts\/19195","targetHints":{"allow":["GET"]}}],"collection":[{"href":"https:\/\/www.semanariolocal.cl\/index.php?rest_route=\/wp\/v2\/posts"}],"about":[{"href":"https:\/\/www.semanariolocal.cl\/index.php?rest_route=\/wp\/v2\/types\/post"}],"author":[{"embeddable":true,"href":"https:\/\/www.semanariolocal.cl\/index.php?rest_route=\/wp\/v2\/users\/1"}],"replies":[{"embeddable":true,"href":"https:\/\/www.semanariolocal.cl\/index.php?rest_route=%2Fwp%2Fv2%2Fcomments&post=19195"}],"version-history":[{"count":1,"href":"https:\/\/www.semanariolocal.cl\/index.php?rest_route=\/wp\/v2\/posts\/19195\/revisions"}],"predecessor-version":[{"id":19197,"href":"https:\/\/www.semanariolocal.cl\/index.php?rest_route=\/wp\/v2\/posts\/19195\/revisions\/19197"}],"wp:featuredmedia":[{"embeddable":true,"href":"https:\/\/www.semanariolocal.cl\/index.php?rest_route=\/wp\/v2\/media\/19196"}],"wp:attachment":[{"href":"https:\/\/www.semanariolocal.cl\/index.php?rest_route=%2Fwp%2Fv2%2Fmedia&parent=19195"}],"wp:term":[{"taxonomy":"category","embeddable":true,"href":"https:\/\/www.semanariolocal.cl\/index.php?rest_route=%2Fwp%2Fv2%2Fcategories&post=19195"},{"taxonomy":"post_tag","embeddable":true,"href":"https:\/\/www.semanariolocal.cl\/index.php?rest_route=%2Fwp%2Fv2%2Ftags&post=19195"}],"curies":[{"name":"wp","href":"https:\/\/api.w.org\/{rel}","templated":true}]}}