{"id":19177,"date":"2024-01-17T23:12:43","date_gmt":"2024-01-18T02:12:43","guid":{"rendered":"https:\/\/www.semanariolocal.cl\/?p=19177"},"modified":"2024-01-17T23:12:44","modified_gmt":"2024-01-18T02:12:44","slug":"fundacion-superacion-de-la-pobreza-se-suma-al-consejo-nacional-de-desarrollo-territorial","status":"publish","type":"post","link":"https:\/\/www.semanariolocal.cl\/?p=19177","title":{"rendered":"Fundaci\u00f3n Superaci\u00f3n de la Pobreza se suma al Consejo Nacional de Desarrollo Territorial"},"content":{"rendered":"\n<p>La Fundaci\u00f3n Superaci\u00f3n de la Pobreza fue elegida por organizaciones vinculadas al desarrollo territorial, local, cultural y patrimonial para ser parte del Consejo Nacional de Desarrollo Territorial, que asesorar\u00e1 al Presidente de la Rep\u00fablica en la implementaci\u00f3n de la Pol\u00edtica de Desarrollo Urbano, la Pol\u00edtica Nacional de Desarrollo Rural y la Pol\u00edtica de Ordenamiento Territorial.<\/p>\n\n\n\n<p>La Fundaci\u00f3n ser\u00e1 representada en este Consejo por su Directora Ejecutiva, Catalina Littin y fue elegida en este proceso democr\u00e1tico por las dem\u00e1s organizaciones que aportan en \u00e1mbitos similares. El Consejo trabajar\u00e1 por el desarrollo territorial del pa\u00eds, tanto urbano como rural, y en \u00e9l participar\u00e1n organizaciones vinculadas a la vivienda y desarrollo de barrios, al desarrollo local y territorial, al apoyo de peque\u00f1os productores agr\u00edcolas, representantes de universidades, adem\u00e1s de contar con una secretar\u00eda ejecutiva designada por el Gobierno.<\/p>\n\n\n\n<p>\u201cEstamos muy contentos de sumarnos al Consejo Nacional de Desarrollo Territorial, tenemos muchas ganas de aportar con una mirada inclusiva que valore lo que los territorios rurales pueden aportar al futuro de nuestro pa\u00eds\u201d, comenta Catalina Littin. Esta nueva institucionalidad fusiona lo que fueron el Consejo Nacional de Desarrollo Urbano que data de 2014 y el Consejo Nacional de Desarrollo Rural que fue creado en 2020. De esta forma, Chile avanza en el desaf\u00edo de dejar atr\u00e1s la dicotom\u00eda urbano-rural en su planificaci\u00f3n del territorio, reafirmando el reconocimiento de la diversidad geogr\u00e1fica, humana y natural del pa\u00eds.<\/p>\n\n\n\n<p>A trav\u00e9s de Servicio pa\u00eds la Fundaci\u00f3n Superaci\u00f3n de la Pobreza trabaja en 100 localidades rurales de todas las regiones, de manera directa con las comunidades, esto ha permitido conocer de primera mano sus necesidades, proyectos y anhelos. Al respecto Catalina menciona que \u201cel foco de la fundaci\u00f3n est\u00e1 en sectores donde se experimenta una paradoja, son territorios rurales, aislados y con alto \u00edndice de pobreza, pero a la vez son lugares muy ricos desde el punto de vista natural y cultural. Por eso es urgente que Chile llegue a tiempo con buenas pol\u00edticas p\u00fablicas a estos territorios, con una mirada con pertinencia a sus recursos y potencialidades, para poder valorar y resguardar tanto el patrimonio de las localidades, como tambi\u00e9n los medios y modos de vida de sus habitantes, porque son clave para la superaci\u00f3n de la pobreza y el desarrollo sustentable de nuestro pa\u00eds\u201d.<\/p>\n","protected":false},"excerpt":{"rendered":"<p>La Fundaci\u00f3n ser\u00e1 representada en este Consejo por su Directora Ejecutiva, Catalina Littin y fue elegida en este proceso democr\u00e1tico por las dem\u00e1s organizaciones que aportan en \u00e1mbitos similares. <\/p>\n","protected":false},"author":1,"featured_media":19178,"comment_status":"closed","ping_status":"closed","sticky":false,"template":"","format":"standard","meta":{"footnotes":""},"categories":[3,9,2496,6],"tags":[2709,2710,2711,337,273,132,247,133],"class_list":["post-19177","post","type-post","status-publish","format-standard","has-post-thumbnail","hentry","category-al-dia","category-gobierno","category-nacional","category-politica","tag-catalina-littin","tag-consejo-nacional-de-desarrollo-territorial","tag-fundacion-superacion-de-la-pobreza","tag-informacion","tag-noticias","tag-osorno","tag-region-de-los-lagos","tag-semanario-local"],"_links":{"self":[{"href":"https:\/\/www.semanariolocal.cl\/index.php?rest_route=\/wp\/v2\/posts\/19177","targetHints":{"allow":["GET"]}}],"collection":[{"href":"https:\/\/www.semanariolocal.cl\/index.php?rest_route=\/wp\/v2\/posts"}],"about":[{"href":"https:\/\/www.semanariolocal.cl\/index.php?rest_route=\/wp\/v2\/types\/post"}],"author":[{"embeddable":true,"href":"https:\/\/www.semanariolocal.cl\/index.php?rest_route=\/wp\/v2\/users\/1"}],"replies":[{"embeddable":true,"href":"https:\/\/www.semanariolocal.cl\/index.php?rest_route=%2Fwp%2Fv2%2Fcomments&post=19177"}],"version-history":[{"count":1,"href":"https:\/\/www.semanariolocal.cl\/index.php?rest_route=\/wp\/v2\/posts\/19177\/revisions"}],"predecessor-version":[{"id":19179,"href":"https:\/\/www.semanariolocal.cl\/index.php?rest_route=\/wp\/v2\/posts\/19177\/revisions\/19179"}],"wp:featuredmedia":[{"embeddable":true,"href":"https:\/\/www.semanariolocal.cl\/index.php?rest_route=\/wp\/v2\/media\/19178"}],"wp:attachment":[{"href":"https:\/\/www.semanariolocal.cl\/index.php?rest_route=%2Fwp%2Fv2%2Fmedia&parent=19177"}],"wp:term":[{"taxonomy":"category","embeddable":true,"href":"https:\/\/www.semanariolocal.cl\/index.php?rest_route=%2Fwp%2Fv2%2Fcategories&post=19177"},{"taxonomy":"post_tag","embeddable":true,"href":"https:\/\/www.semanariolocal.cl\/index.php?rest_route=%2Fwp%2Fv2%2Ftags&post=19177"}],"curies":[{"name":"wp","href":"https:\/\/api.w.org\/{rel}","templated":true}]}}