{"id":19174,"date":"2024-01-14T08:30:00","date_gmt":"2024-01-14T11:30:00","guid":{"rendered":"https:\/\/www.semanariolocal.cl\/?p=19174"},"modified":"2024-01-14T00:56:23","modified_gmt":"2024-01-14T03:56:23","slug":"el-sindrome-del-cuidador-el-desgaste-de-cuidar-a-otros","status":"publish","type":"post","link":"https:\/\/www.semanariolocal.cl\/?p=19174","title":{"rendered":"El s\u00edndrome del cuidador: el desgaste de cuidar a otros"},"content":{"rendered":"\n<p>Este art\u00edculo, surgi\u00f3 a ra\u00edz de recibir en mi consulta a una paciente totalmente colapsada, como consecuencia de haber estado cuidado a su madre enferma por m\u00e1s de seis meses, una mam\u00e1 que le amarg\u00f3 por completo la vida a la hija con requerimientos casi imposibles de cumplir, con m\u00faltiples quejas y recriminaciones por la <strong>\u201cmala atenci\u00f3n que recib\u00eda\u201d<\/strong> por parte de su \u00fanica cuidadora \u2013que en este caso era la hija\u2013, qui\u00e9n comenz\u00f3 a sufrir serios trastornos de salud, consumo de ansiol\u00edticos, presencia de pensamientos suicidas, hasta, finalmente, terminar atentando en contra de su vida, al no recibir ning\u00fan tipo de ayuda \u2013ni apoyo alguno\u2013 por parte de los otros integrantes de la familia: hermanos, cu\u00f1ada, t\u00edos, etc., debiendo asumir toda la responsabilidad por el cuidado de la madre.<\/p>\n\n\n\n<p>El <strong>\u201cs\u00edndrome del cuidador\u201d<\/strong> representa un trastorno de salud que se presenta en personas que desempe\u00f1an el rol de cuidador principal de una persona que est\u00e1 enferma y\/o postrada, que depende del cuidado de terceros, y que se caracteriza por la aparici\u00f3n de cansancio y agotamiento f\u00edsico y ps\u00edquico del cuidador.<\/p>\n\n\n\n<p>La persona que hace las veces de cuidadora&nbsp; \u00ad\u2013y que no posee una formaci\u00f3n profesional\u2013 tiene que afrontar una serie de situaciones nuevas para ella, para las que no est\u00e1 preparada y que terminan consumiendo todo su tiempo, energ\u00eda y voluntad. Dentro de la clasificaci\u00f3n habitual que se hace de los cuidadores, generalmente se habla de tres tipos: <strong>1. Alg\u00fan familiar directo del enfermo. 2. Parientes o personas cercanas: t\u00edos, primos, amigos. 3. Los cuidadores formales o profesionales<\/strong>.<\/p>\n\n\n\n<p>De acuerdo con los datos que suministra la Fundaci\u00f3n privada sin fines de lucro, <strong>MATIA<\/strong>, en la ciudad de Barcelona, con m\u00e1s de 130 a\u00f1os de experiencia en la prestaci\u00f3n de servicios sanitarios a personas que est\u00e1n gravemente enfermas, la aparici\u00f3n del s\u00edndrome se produce por una condici\u00f3n de estr\u00e9s cr\u00f3nico vinculado a una lucha diaria contra la enfermedad del paciente, y que el cuidador tiene bajo su responsabilidad, lo que puede agotar todas las reservas f\u00edsicas y mentales de esta persona, por cuanto, a medida que va pasando el tiempo, el cuidador \u2013pareja, madre, padre, hijo, hija, etc.\u2013 va asumiendo: (a) una gran carga f\u00edsica y ps\u00edquica, que lleva, a su vez, a un agotamiento f\u00edsico y mental del sujeto (sensaci\u00f3n de <strong>\u201cno poder m\u00e1s\u201d<\/strong>), (b) es la principal responsable de la vida del paciente enfermo (medicaci\u00f3n, higiene, alimentaci\u00f3n, traslados, etc.), (c) se desatiende a s\u00ed misma, ya que no toma tiempo libre para su descanso, lo que la obliga a abandonar sus aficiones e intereses, deja de salir con amigos y termina por paralizar por muchos a\u00f1os su proyecto vital, (d) pierde su independencia, ya que el enfermo lo absorbe cada vez m\u00e1s.<\/p>\n\n\n\n<p>Las principales caracter\u00edsticas de aquellas personas \u201c<strong>del sistema<\/strong> <strong>de apoyo del tipo informal\u201d <\/strong>que se ocupan del enfermo \u2013tales como un familiar directo, un pariente o un amigo cercano\u2013 son las siguientes:&nbsp;<\/p>\n\n\n\n<p><strong>1. El sujeto asume las principales tareas del cuidado del enfermo (y la responsabilidad que ello conlleva). <\/strong><strong><\/strong><\/p>\n\n\n\n<p><strong>2. Es percibido por el resto de los familiares como el responsable del cuidado del enfermo. <\/strong><strong><\/strong><\/p>\n\n\n\n<p><strong>3. La persona no es remunerada econ\u00f3micamente por las tareas que debe llevar a cabo. <\/strong><strong><\/strong><\/p>\n\n\n\n<p><strong>4. Este cuidador se ha dedicado durante un m\u00ednimo de seis semanas a tres meses a las tareas de cuidado del enfermo<\/strong>.<\/p>\n\n\n\n<p>En cualquiera de los casos de <strong>\u201ccuidadores informales\u201d<\/strong> que se tome como ejemplo \u2013familiar cercano, pariente o amigo\u2013 el cuidador responsable se ve obligado a: (a) realizar grandes cambios en su estilo de vida personal, (b) la persona est\u00e1 sometida a una mayor y marcada limitaci\u00f3n de tipo social, ya que la mayor parte de su tiempo persona lo dedica al cuidado de la persona postrada, (c) se expone al deterioro de&nbsp; su intimidad, as\u00ed como tambi\u00e9n a una disminuci\u00f3n del grado de gratificaci\u00f3n y reconocimiento por parte del receptor de los cuidados, debido a las alteraciones&nbsp; espec\u00edficas que se generan en la relaci\u00f3n interpersonal cuidador-enfermo, o bien, porque el sujeto sufre de una enfermedad como el Alzheimer u otra enfermedad mental que le impide reconocer a&nbsp; aquella persona que lo est\u00e1 cuidando.<\/p>\n\n\n\n<p>Por otra parte, es preciso tomar en consideraci\u00f3n algunas otras caracter\u00edsticas de los cuidadores, por cuanto, dependiendo de las circunstancias, las consecuencias en la salud de estas personas pueden ser distintas:<\/p>\n\n\n\n<p>1. <strong>Edad del cuidador<\/strong>: en la medida, que el cuidador tiene mayor edad, aumentan las probabilidades de que sufra alguna enfermedad, al mismo tiempo que disminuye su capacidad y resistencia f\u00edsica.<\/p>\n\n\n\n<p>2. <strong>Tiempo que dedica el cuidador al cuidado del paciente<\/strong>: aqu\u00ed se pueden dar dos situaciones: (a) que el cuidador se vaya adaptando cada vez mejor a las vicisitudes del cuidado del enfermo, ya que conforme pasa el tiempo, conoce mejor las necesidades de \u00e9ste y aprende a reaccionar acorde con las respuestas del paciente, (b) el impacto personal en el cuidador es mayor cuanto m\u00e1s tiempo transcurre desde que el sujeto asumi\u00f3 su rol de cuidador. Se calcula que el cuidador provee cuidados los siete d\u00edas de la semana, con un promedio diario de 16 horas.<\/p>\n\n\n\n<p>3. <strong>La edad del enfermo, ya sea, porque \u00e9ste es muy joven, o bien, porque el paciente es de edad muy avanzada y con requerimientos especiales<\/strong>: a menor edad del enfermo, m\u00e1s larga e intensa se hace el tiempo que tendr\u00e1 que dedicar el cuidador al enfermo(a) y, en algunos casos \u2013dependiendo del tipo de enfermedad\u2013 este tiempo puede extenderse por muchos a\u00f1os.<\/p>\n\n\n\n<p>Por lo tanto, urge extremar los cuidados sobre el cuidador cuando en \u00e9ste comienzan a advertirse s\u00edntomas tales como: ansiedad, nerviosismo y tristeza; problemas del sue\u00f1o (despertar temprano, dificultades para conciliar el sue\u00f1o, insomnio); aumento en los niveles de irritabilidad con el enfermo o con otros familiares (la persona acaba <strong>\u201cperdiendo los nervios\u201d<\/strong> ante cualquier situaci\u00f3n); presencia de fatiga, cansancio y p\u00e9rdida de vitalidad; consumo de alcohol, drogas, f\u00e1rmacos, etc.; aparici\u00f3n de s\u00edntomas de tipo f\u00edsico: problemas y molestias digestivas, nerviosismo constante, palpitaciones; trastornos de tipo cognitivo: problemas con la memoria de corto plazo, distractibilidad e incapacidad para concentrarse; tendencia a encerrarse en uno mismo, soledad y aislamiento; labilidad emocional y cambios repentinos de humor; p\u00e9rdida de inter\u00e9s en ciertas personas y actividades que antes eran objeto de gran inter\u00e9s; alteraciones del apetito, ya sea comiendo m\u00e1s, o menos de lo que consum\u00eda antes de asumir la tarea de cuidador; mostrar dificultades para superar sentimientos negativos y estados de depresi\u00f3n.<\/p>\n\n\n\n<p>Dr. Franco Lotito C.&nbsp; \u2013&nbsp;&nbsp; <a href=\"http:\/\/www.aurigaservicios.cl\">www.aurigaservicios.cl<\/a><\/p>\n\n\n\n<p>Acad\u00e9mico, escritor e investigador (PUC-UACh)<\/p>\n","protected":false},"excerpt":{"rendered":"<p>\u201cAquella persona que est\u00e1 siempre all\u00ed para cuidar de todos, tambi\u00e9n necesita de alguien que se preocupe de ella y que la cuide\u201d.<\/p>\n","protected":false},"author":1,"featured_media":19175,"comment_status":"closed","ping_status":"closed","sticky":false,"template":"","format":"standard","meta":{"footnotes":""},"categories":[3,7],"tags":[824,823,337,825,273,132,247,133],"class_list":["post-19174","post","type-post","status-publish","format-standard","has-post-thumbnail","hentry","category-al-dia","category-opinion","tag-academico","tag-franco-lotito-catino","tag-informacion","tag-investigador","tag-noticias","tag-osorno","tag-region-de-los-lagos","tag-semanario-local"],"_links":{"self":[{"href":"https:\/\/www.semanariolocal.cl\/index.php?rest_route=\/wp\/v2\/posts\/19174","targetHints":{"allow":["GET"]}}],"collection":[{"href":"https:\/\/www.semanariolocal.cl\/index.php?rest_route=\/wp\/v2\/posts"}],"about":[{"href":"https:\/\/www.semanariolocal.cl\/index.php?rest_route=\/wp\/v2\/types\/post"}],"author":[{"embeddable":true,"href":"https:\/\/www.semanariolocal.cl\/index.php?rest_route=\/wp\/v2\/users\/1"}],"replies":[{"embeddable":true,"href":"https:\/\/www.semanariolocal.cl\/index.php?rest_route=%2Fwp%2Fv2%2Fcomments&post=19174"}],"version-history":[{"count":1,"href":"https:\/\/www.semanariolocal.cl\/index.php?rest_route=\/wp\/v2\/posts\/19174\/revisions"}],"predecessor-version":[{"id":19176,"href":"https:\/\/www.semanariolocal.cl\/index.php?rest_route=\/wp\/v2\/posts\/19174\/revisions\/19176"}],"wp:featuredmedia":[{"embeddable":true,"href":"https:\/\/www.semanariolocal.cl\/index.php?rest_route=\/wp\/v2\/media\/19175"}],"wp:attachment":[{"href":"https:\/\/www.semanariolocal.cl\/index.php?rest_route=%2Fwp%2Fv2%2Fmedia&parent=19174"}],"wp:term":[{"taxonomy":"category","embeddable":true,"href":"https:\/\/www.semanariolocal.cl\/index.php?rest_route=%2Fwp%2Fv2%2Fcategories&post=19174"},{"taxonomy":"post_tag","embeddable":true,"href":"https:\/\/www.semanariolocal.cl\/index.php?rest_route=%2Fwp%2Fv2%2Ftags&post=19174"}],"curies":[{"name":"wp","href":"https:\/\/api.w.org\/{rel}","templated":true}]}}