{"id":19144,"date":"2024-01-14T08:00:00","date_gmt":"2024-01-14T11:00:00","guid":{"rendered":"https:\/\/www.semanariolocal.cl\/?p=19144"},"modified":"2024-01-12T22:57:37","modified_gmt":"2024-01-13T01:57:37","slug":"enfrentando-la-nueva-criminalidad-mas-alla-del-dinero","status":"publish","type":"post","link":"https:\/\/www.semanariolocal.cl\/?p=19144","title":{"rendered":"Enfrentando la Nueva Criminalidad: M\u00e1s All\u00e1 del Dinero"},"content":{"rendered":"\n<p>En la era de la evoluci\u00f3n criminal, el Estado se enfrenta a desaf\u00edos sin precedentes en la organizaci\u00f3n para combatir la creciente ola del crimen organizado. Ya lo mencionaba Manuel Castells en 2005 que la globalizaci\u00f3n tambi\u00e9n trae cosas negativas, una de ellas es el crimen organizado que tiende a penetrar las instituciones del Estado en numerosos pa\u00edses, con efectos perversos considerables sobre la soberan\u00eda y la legitimidad pol\u00edtica.<\/p>\n\n\n\n<p>La respuesta tradicional de simplemente asignar m\u00e1s recursos financieros al problema ha demostrado ser insuficiente. La soluci\u00f3n no reside \u00fanicamente en aumentar el presupuesto, sino en una transformaci\u00f3n integral de c\u00f3mo abordamos esta problem\u00e1tica en la sociedad moderna.<\/p>\n\n\n\n<p>Fortalecer las capacidades de nuestras fuerzas policiales es esencial. La inversi\u00f3n en entrenamiento, tecnolog\u00eda y recursos humanos debe ser prioritaria. No es solo cuesti\u00f3n de m\u00e1s dinero, sino de utilizar eficientemente los recursos disponibles. La especializaci\u00f3n de las fuerzas policiales es crucial, reconociendo que la nueva criminalidad opera en distintos frentes y demanda habilidades espec\u00edficas.<\/p>\n\n\n\n<p>La disputa territorial entre estos grupos organizados, tanto en Chile como el extranjero, exige la generaci\u00f3n de estrategias coordinadas y una cooperaci\u00f3n internacional m\u00e1s estrecha. La creaci\u00f3n de c\u00e1rceles especializadas para el crimen organizado es un paso necesario. Estas instituciones deben ser dise\u00f1adas para prevenir la operaci\u00f3n ininterrumpida de estas redes desde su interior, asegurando un aislamiento efectivo de los l\u00edderes y sus miembros.<\/p>\n\n\n\n<p>El bloqueo de los celulares en las c\u00e1rceles es una medida imprescindible. La tecnolog\u00eda ha permitido a los delincuentes realizar sus delitos teniendo un verdadero centro de operaciones desde detr\u00e1s de las rejas, coordinando actividades ilegales y amenazando la seguridad p\u00fablica. La implementaci\u00f3n de sistemas efectivos de bloqueo de se\u00f1ales es esencial para cortar esta conexi\u00f3n.<\/p>\n\n\n\n<p>La especializaci\u00f3n de las polic\u00edas no solo implica habilidades t\u00e1cticas, sino tambi\u00e9n un enfoque proactivo en la prevenci\u00f3n del delito. Para ello, es necesaria la implementaci\u00f3n de pol\u00edticas sociales enfocadas en reducir la deserci\u00f3n escolar y ofrecer oportunidades educativas y laborales ayude a disminuir la atracci\u00f3n de la vida criminal.<\/p>\n\n\n\n<p>La absorci\u00f3n de mano de obra es otro aspecto crucial. La sociedad debe ofrecer alternativas atractivas y leg\u00edtimas para aquellos que podr\u00edan caer en las redes del crimen organizado. La creaci\u00f3n de programas de capacitaci\u00f3n y empleo, respaldados por pol\u00edticas gubernamentales, es esencial para reintegrar a los individuos en la sociedad y alejarlos de las actividades ilegales.<\/p>\n\n\n\n<p>En conclusi\u00f3n, enfrentar la nueva criminalidad requiere una estrategia integral que vaya m\u00e1s all\u00e1 del simple aumento de los fondos. La colaboraci\u00f3n internacional, la especializaci\u00f3n policial, la prevenci\u00f3n del crimen a trav\u00e9s de pol\u00edticas sociales y la absorci\u00f3n de mano de obra son elementos fundamentales para construir una respuesta efectiva. Es hora que el Estado no s\u00f3lo gaste m\u00e1s, sino que gaste de manera m\u00e1s inteligente y estrat\u00e9gica para garantizar la seguridad y el bienestar de la sociedad.<\/p>\n","protected":false},"excerpt":{"rendered":"<p>La disputa territorial entre estos grupos organizados, tanto en Chile como el extranjero, exige la generaci\u00f3n de estrategias coordinadas y una cooperaci\u00f3n internacional m\u00e1s estrecha.<\/p>\n","protected":false},"author":1,"featured_media":19145,"comment_status":"closed","ping_status":"closed","sticky":false,"template":"","format":"standard","meta":{"footnotes":""},"categories":[3,8,7],"tags":[2118,337,273,132,247,133],"class_list":["post-19144","post","type-post","status-publish","format-standard","has-post-thumbnail","hentry","category-al-dia","category-comunas","category-opinion","tag-semanariolocal","tag-informacion","tag-noticias","tag-osorno","tag-region-de-los-lagos","tag-semanario-local"],"_links":{"self":[{"href":"https:\/\/www.semanariolocal.cl\/index.php?rest_route=\/wp\/v2\/posts\/19144","targetHints":{"allow":["GET"]}}],"collection":[{"href":"https:\/\/www.semanariolocal.cl\/index.php?rest_route=\/wp\/v2\/posts"}],"about":[{"href":"https:\/\/www.semanariolocal.cl\/index.php?rest_route=\/wp\/v2\/types\/post"}],"author":[{"embeddable":true,"href":"https:\/\/www.semanariolocal.cl\/index.php?rest_route=\/wp\/v2\/users\/1"}],"replies":[{"embeddable":true,"href":"https:\/\/www.semanariolocal.cl\/index.php?rest_route=%2Fwp%2Fv2%2Fcomments&post=19144"}],"version-history":[{"count":1,"href":"https:\/\/www.semanariolocal.cl\/index.php?rest_route=\/wp\/v2\/posts\/19144\/revisions"}],"predecessor-version":[{"id":19146,"href":"https:\/\/www.semanariolocal.cl\/index.php?rest_route=\/wp\/v2\/posts\/19144\/revisions\/19146"}],"wp:featuredmedia":[{"embeddable":true,"href":"https:\/\/www.semanariolocal.cl\/index.php?rest_route=\/wp\/v2\/media\/19145"}],"wp:attachment":[{"href":"https:\/\/www.semanariolocal.cl\/index.php?rest_route=%2Fwp%2Fv2%2Fmedia&parent=19144"}],"wp:term":[{"taxonomy":"category","embeddable":true,"href":"https:\/\/www.semanariolocal.cl\/index.php?rest_route=%2Fwp%2Fv2%2Fcategories&post=19144"},{"taxonomy":"post_tag","embeddable":true,"href":"https:\/\/www.semanariolocal.cl\/index.php?rest_route=%2Fwp%2Fv2%2Ftags&post=19144"}],"curies":[{"name":"wp","href":"https:\/\/api.w.org\/{rel}","templated":true}]}}