{"id":19141,"date":"2024-01-12T22:50:49","date_gmt":"2024-01-13T01:50:49","guid":{"rendered":"https:\/\/www.semanariolocal.cl\/?p=19141"},"modified":"2024-01-12T22:50:50","modified_gmt":"2024-01-13T01:50:50","slug":"con-llamado-a-reforzar-la-unidad-del-sector-presidente-boric-encabezo-conclave-oficialista","status":"publish","type":"post","link":"https:\/\/www.semanariolocal.cl\/?p=19141","title":{"rendered":"Con llamado a reforzar la unidad del sector Presidente Boric encabez\u00f3 Conclave Oficialista"},"content":{"rendered":"\n<p>Se trata del primer\u00a0 c\u00f3nclave oficialista del a\u00f1o que concluyo pasada las 19:00 horas y que sirvi\u00f3 para definir puntos centrales de la hoja de ruta para el 2014.<\/p>\n\n\n\n<p>Lo principal del mensaje Presidencial estuvo en reforzar aspectos como la unidad de prop\u00f3sito, una visi\u00f3n com\u00fan con respectos a las prioridades y a recuperar las confianzas en la coalici\u00f3n de Gobierno.<\/p>\n\n\n\n<p>En la instancia el mandatario se\u00f1alo que \u201cResuelto ya el debate constitucional creemos que existen sendas posibilidades de seguir avanzando y que dependen mucho de nuestra accionar para eso necesitamos algo concreto que es evidente y que tenemos que trabajarlo mucho : &nbsp;Unidad de prop\u00f3sito; unidad de las prioridades y confianza en la coalici\u00f3n de gobierno. Y un despliegue que sea virtuoso no solamente en la dimensi\u00f3n parlamentaria sino tambi\u00e9n en la dimensi\u00f3n social no olvidando que lo m\u00e1s importante siempre tiene que estar primero es como mejorar la calidad de vida de los chilenos\u201d<\/p>\n\n\n\n<p>La Vocera de Gobierno Camila Vallejos por su parte indic\u00f3 que \u201cEstamos con una nueva etapa de Gobierno y tambi\u00e9n, queremos que sea una nueva etapa para el pa\u00eds, para las personas, para las familias trabajadoras. El foco de este encuentro oficialista ha sido definir la agenda de trabajo de este a\u00f1o 2024, con el verbo rector de concretar y cumplir. Estamos en un a\u00f1o clave para concretar los temas pendientes y para eso, tambi\u00e9n, vamos a reforzar la gesti\u00f3n regional del Gobierno.<\/p>\n","protected":false},"excerpt":{"rendered":"<p>Durante la tarde de este viernes, el Presidente de la Rep\u00fablica, Gabriel Boric Font, encabez\u00f3 un Encuentro Oficialista junto a las ministras y ministros del Comit\u00e9 Pol\u00edtico y las presidentas y presidentes de los partidos de la alianza de Gobierno.<\/p>\n","protected":false},"author":1,"featured_media":19142,"comment_status":"closed","ping_status":"closed","sticky":false,"template":"","format":"standard","meta":{"footnotes":""},"categories":[3,9,2496,6],"tags":[2118,2700,191,337,607,273,395,247,133,2701],"class_list":["post-19141","post","type-post","status-publish","format-standard","has-post-thumbnail","hentry","category-al-dia","category-gobierno","category-nacional","category-politica","tag-semanariolocal","tag-conclave-oficialista","tag-gobierno","tag-informacion","tag-nacional","tag-noticias","tag-presidente-gabriel-boric","tag-region-de-los-lagos","tag-semanario-local","tag-vocera-camila-vallejos"],"_links":{"self":[{"href":"https:\/\/www.semanariolocal.cl\/index.php?rest_route=\/wp\/v2\/posts\/19141","targetHints":{"allow":["GET"]}}],"collection":[{"href":"https:\/\/www.semanariolocal.cl\/index.php?rest_route=\/wp\/v2\/posts"}],"about":[{"href":"https:\/\/www.semanariolocal.cl\/index.php?rest_route=\/wp\/v2\/types\/post"}],"author":[{"embeddable":true,"href":"https:\/\/www.semanariolocal.cl\/index.php?rest_route=\/wp\/v2\/users\/1"}],"replies":[{"embeddable":true,"href":"https:\/\/www.semanariolocal.cl\/index.php?rest_route=%2Fwp%2Fv2%2Fcomments&post=19141"}],"version-history":[{"count":1,"href":"https:\/\/www.semanariolocal.cl\/index.php?rest_route=\/wp\/v2\/posts\/19141\/revisions"}],"predecessor-version":[{"id":19143,"href":"https:\/\/www.semanariolocal.cl\/index.php?rest_route=\/wp\/v2\/posts\/19141\/revisions\/19143"}],"wp:featuredmedia":[{"embeddable":true,"href":"https:\/\/www.semanariolocal.cl\/index.php?rest_route=\/wp\/v2\/media\/19142"}],"wp:attachment":[{"href":"https:\/\/www.semanariolocal.cl\/index.php?rest_route=%2Fwp%2Fv2%2Fmedia&parent=19141"}],"wp:term":[{"taxonomy":"category","embeddable":true,"href":"https:\/\/www.semanariolocal.cl\/index.php?rest_route=%2Fwp%2Fv2%2Fcategories&post=19141"},{"taxonomy":"post_tag","embeddable":true,"href":"https:\/\/www.semanariolocal.cl\/index.php?rest_route=%2Fwp%2Fv2%2Ftags&post=19141"}],"curies":[{"name":"wp","href":"https:\/\/api.w.org\/{rel}","templated":true}]}}