{"id":19122,"date":"2024-01-13T08:00:00","date_gmt":"2024-01-13T11:00:00","guid":{"rendered":"https:\/\/www.semanariolocal.cl\/?p=19122"},"modified":"2024-01-12T19:16:34","modified_gmt":"2024-01-12T22:16:34","slug":"para-enfrentar-la-depresion-medicos-y-organizaciones-ciudadanas-deben-trabajar-unidos","status":"publish","type":"post","link":"https:\/\/www.semanariolocal.cl\/?p=19122","title":{"rendered":"Para enfrentar la depresi\u00f3n m\u00e9dicos y organizaciones ciudadanas deben trabajar unidos"},"content":{"rendered":"\n<p>Cada 13 de enero se conmemora el D\u00eda Mundial de Lucha contra la Depresi\u00f3n, una fecha que determin\u00f3 la OMS, como una forma de sensibilizar y concientizar acerca de esta patolog\u00eda vinculada a la salud mental que afecta a alrededor de 300 millones de personas en el mundo y se estima que en Chile un 6.2% la padece. Creemos que la palabra \u201clucha\u201d se eligi\u00f3 porque son muchos los que viven con depresi\u00f3n sin tratamiento, sin diagn\u00f3stico y que ven mermada su calidad de vida, hasta tal punto, que en algunos casos puede tornarse invalidante.<\/p>\n\n\n\n<p>La pandemia nos dej\u00f3 una lecci\u00f3n y es que vivimos en sociedad y que las redes de apoyo son esenciales para sobrevivir y para mejorar nuestra salud mental. El trabajo que requiere nuestro pa\u00eds para mejorar la calidad de vida de tanta gente es uno mancomunado entre la ciencia y las organizaciones de ciudadanos. Es decir, los hospitales, los m\u00e9dicos, psic\u00f3logos, asistentes sociales, no son suficientes, porque si habl\u00e1ramos de tratar de extirpar la depresi\u00f3n, este \u201cbistur\u00ed\u201d requiere sacar de la soledad, del ostracismo y de la falta de apoyo continuo que requieren aquellos pacientes que por s\u00ed solos no van a pedir ayuda.<\/p>\n\n\n\n<p>Es una avalancha que en nuestro pa\u00eds se palpa de forma significativa y que desaf\u00eda continuamente al sistema de salud y tambi\u00e9n a la comunidad. En este sentido es que organizaciones y fundaciones <a>como \u201cFundaci\u00f3n C\u00edrculo Polar\u201d, adquieren un valor esencial en el apoyo a las personas que salen de la consulta psiqui\u00e1trica o de un hospital, pero que necesitan m\u00e1s apoyo, m\u00e1s contenci\u00f3n y sobre todo, sentirse valorados y no con esa tremenda mochila en que se convierte el estigma.<\/a><\/p>\n\n\n\n<p>Seg\u00fan la s\u00e9ptima versi\u00f3n del estudio: \u201cTerm\u00f3metro de la Salud Mental en Chile ACHS-UC\u201d, el 21% de las personas encuestadas reporta altos niveles de soledad, esto quiere decir que frecuentemente se sienten aislados\/excluidos por los dem\u00e1s o que les falta compa\u00f1\u00eda. El apoyo social percibido se siente muy bajo, lo que nos deja una lecci\u00f3n y es que las personas con depresi\u00f3n no s\u00f3lo necesitan m\u00e1s apoyo social, sino que es relevante para su recuperaci\u00f3n.<\/p>\n\n\n\n<p>La Fundaci\u00f3n C\u00edrculo Polar agrupa a Familiares y Pacientes con diagn\u00f3stico de Bipolaridad en Chile, naci\u00f3 en 2019 y su misi\u00f3n es informar y psicoeducar a los pacientes y su entorno, pero encima de todo, acompa\u00f1ar e integrar al paciente en su comunidad. A lo largo de todas las regiones del pa\u00eds se ha creado el C\u00edrculo de Apoyo de Pares (CAPS) que son grupos de apoyo a pares interactivos en las redes sociales y tambi\u00e9n presenciales. A trav\u00e9s de esta conectividad son m\u00e1s de mil los que ya se sienten parte de una comunidad donde circula la empat\u00eda, el acompa\u00f1amiento, se convoca para charlas en l\u00ednea con especialistas, donde se tratan temas de inter\u00e9s como abuso de sustancias, prevenci\u00f3n del suicidio, medidas de autocuidado.<\/p>\n\n\n\n<p>Aparte de crear comunidad, lo que nos mueve es la psicoeducaci\u00f3n, porque aumenta la calidad de vida y se aprende a manejar mejor las crisis. En los ciclos de psicoeducaci\u00f3n participan psic\u00f3logos, psiquiatras, medicina general, terapia ocupacional y terapia de familia en el dise\u00f1o del programa y dentro de las sesiones. Despu\u00e9s de estas charlas, nos hemos dado cuenta de que son tantas las dudas, pero tambi\u00e9n se queda con la sensaci\u00f3n de que se derriban much\u00edsimos prejuicios y las personas aprenden a reconocer sus s\u00edntomas y a mejorar crisis y momentos de ansiedad.<\/p>\n\n\n\n<p>La vida es redonda y da muchas vueltas, quiz\u00e1s por eso en \u201cC\u00edrculo Polar\u201d nos mantenemos en una gran circunferencia, tomados de la mano, para no dejar caer a nadie y para que todos sumemos, como debe ser un c\u00edrculo virtuoso.<\/p>\n\n\n\n<p><strong>Mariela L\u00f3pez Medrano<\/strong> &#8211; <strong>Periodista<\/strong><\/p>\n","protected":false},"excerpt":{"rendered":"<p>Organizaciones como \u201cFundaci\u00f3n C\u00edrculo Polar\u201d, adquieren un valor esencial en el apoyo a las personas que salen de la consulta psiqui\u00e1trica o de un hospital, pero que necesitan m\u00e1s contenci\u00f3n y sobre todo, sentirse valoradas y no con esa tremenda mochila en que se convierte el estigma.<\/p>\n","protected":false},"author":1,"featured_media":19123,"comment_status":"closed","ping_status":"closed","sticky":false,"template":"","format":"standard","meta":{"footnotes":""},"categories":[3,2496,7],"tags":[2118,2586,337,273,132,247,133],"class_list":["post-19122","post","type-post","status-publish","format-standard","has-post-thumbnail","hentry","category-al-dia","category-nacional","category-opinion","tag-semanariolocal","tag-depresion","tag-informacion","tag-noticias","tag-osorno","tag-region-de-los-lagos","tag-semanario-local"],"_links":{"self":[{"href":"https:\/\/www.semanariolocal.cl\/index.php?rest_route=\/wp\/v2\/posts\/19122","targetHints":{"allow":["GET"]}}],"collection":[{"href":"https:\/\/www.semanariolocal.cl\/index.php?rest_route=\/wp\/v2\/posts"}],"about":[{"href":"https:\/\/www.semanariolocal.cl\/index.php?rest_route=\/wp\/v2\/types\/post"}],"author":[{"embeddable":true,"href":"https:\/\/www.semanariolocal.cl\/index.php?rest_route=\/wp\/v2\/users\/1"}],"replies":[{"embeddable":true,"href":"https:\/\/www.semanariolocal.cl\/index.php?rest_route=%2Fwp%2Fv2%2Fcomments&post=19122"}],"version-history":[{"count":1,"href":"https:\/\/www.semanariolocal.cl\/index.php?rest_route=\/wp\/v2\/posts\/19122\/revisions"}],"predecessor-version":[{"id":19124,"href":"https:\/\/www.semanariolocal.cl\/index.php?rest_route=\/wp\/v2\/posts\/19122\/revisions\/19124"}],"wp:featuredmedia":[{"embeddable":true,"href":"https:\/\/www.semanariolocal.cl\/index.php?rest_route=\/wp\/v2\/media\/19123"}],"wp:attachment":[{"href":"https:\/\/www.semanariolocal.cl\/index.php?rest_route=%2Fwp%2Fv2%2Fmedia&parent=19122"}],"wp:term":[{"taxonomy":"category","embeddable":true,"href":"https:\/\/www.semanariolocal.cl\/index.php?rest_route=%2Fwp%2Fv2%2Fcategories&post=19122"},{"taxonomy":"post_tag","embeddable":true,"href":"https:\/\/www.semanariolocal.cl\/index.php?rest_route=%2Fwp%2Fv2%2Ftags&post=19122"}],"curies":[{"name":"wp","href":"https:\/\/api.w.org\/{rel}","templated":true}]}}