{"id":19089,"date":"2024-01-09T08:00:00","date_gmt":"2024-01-09T11:00:00","guid":{"rendered":"https:\/\/www.semanariolocal.cl\/?p=19089"},"modified":"2024-01-09T22:27:12","modified_gmt":"2024-01-10T01:27:12","slug":"congreso-del-futuro-aterriza-en-la-region-de-los-lagos-este-miercoles-17-de-enero","status":"publish","type":"post","link":"https:\/\/www.semanariolocal.cl\/?p=19089","title":{"rendered":"Congreso del Futuro aterriza en la regi\u00f3n de Los Lagos este mi\u00e9rcoles 17 de Enero"},"content":{"rendered":"\n<p>La Universidad de Los Lagos en alianza con el gobierno regional son los encargados este a\u00f1o de desarrollar en la regi\u00f3n el Congreso del Futuro, una iniciativa que nace en el Senado en 2011 y que desde el 2016 se encuentra tambi\u00e9n desarroll\u00e1ndose en regiones gracias al apoyo y gesti\u00f3n de universidades y centros de investigaci\u00f3n p\u00fablicos y privados.<\/p>\n\n\n\n<p>Para este a\u00f1o el tema que ser\u00e1 abordado es&nbsp;<strong>\u201c\u00bfIAhora qu\u00e9 hacemos?<\/strong>&nbsp;Que tendr\u00e1 en la Regi\u00f3n de Los Lagos a dos destacados exponentes el d\u00eda&nbsp;<strong>mi\u00e9rcoles 17<\/strong>&nbsp;de enero desde las&nbsp;<strong>10.00 horas<\/strong>&nbsp;cuando sea inaugurado el congreso.<\/p>\n\n\n\n<p>El rector de la Universidad de Los Lagos, \u00d3scar Garrido y el gobernador regional, Patricio Vallesp\u00edn inaugurar\u00e1n el congreso en la regi\u00f3n en el&nbsp;<strong>Hotel Vicente Costanera<\/strong>&nbsp;\u201cSal\u00f3n esquina del arte\u201d, Puerto Montt.<\/p>\n\n\n\n<p>El tema \u201c<em>Bacterias que nos defienden de bacterias<\/em>\u201d es el nombre de la primera charla a cargo del&nbsp;<strong>Dr. Kevin Foster<\/strong>&nbsp;catedr\u00e1tico de biolog\u00eda evolutiva en los departamentos de Biolog\u00eda y Bioqu\u00edmica de la Universidad de Oxford, especialista en la evoluci\u00f3n de la cooperaci\u00f3n y la competencia en la naturaleza, con especial atenci\u00f3n en los microorganismos.<\/p>\n\n\n\n<p>A las 11 horas se expondr\u00e1 sobre \u201c<em>El uso de inteligencia artificial para estudiar microorganismos<\/em>\u201d a cargo del microbi\u00f3logo PH D de la Universidad de Irlanda,&nbsp;<strong>Dr. James Mc Inerney<\/strong>, catedr\u00e1tico de biolog\u00eda evolutiva en la Universidad de Nottingham, Reino Unido y ex presidente de la Sociedad de Biolog\u00eda Molecular y Evoluci\u00f3n. Con su grupo de investigaci\u00f3n ha aportado importantes conocimientos sobre la evoluci\u00f3n de diversas formas de vida, especialmente los microbios.<\/p>\n\n\n\n<p>Para las 11.45 horas est\u00e1 contemplado un panel de conversaci\u00f3n con diferentes profesionales que analizar\u00e1n las exposiciones y el desaf\u00edo que nos depara la inteligencia artificial en todos los \u00e1mbitos del quehacer.<\/p>\n\n\n\n<p>En el a\u00f1o 2023 el Congreso Futuro estuvo presente -por primera vez- en todas las regiones del pa\u00eds gracias al trabajo colaborativo de 50 universidades y centros de investigaci\u00f3n regionales p\u00fablicos y privados que han hecho posible la realizaci\u00f3n del congreso.<\/p>\n\n\n\n<p>El Congreso Futuro es organizado por el senado a trav\u00e9s de la comisi\u00f3n Desaf\u00edos del Futuro y ser\u00e1 transmitido en directo por el canal ULagos TV a trav\u00e9s de youtube.<\/p>\n","protected":false},"excerpt":{"rendered":"<p>Contar\u00e1 con dos destacadas charlas a cargo de expertos de la Universidad de Nottingham y la Universidad de Oxford que abordar\u00e1n el uso de la inteligencia artificial para estudiar microorganismos y bacterias.<\/p>\n","protected":false},"author":1,"featured_media":19090,"comment_status":"closed","ping_status":"closed","sticky":false,"template":"","format":"standard","meta":{"footnotes":""},"categories":[3,11,2483],"tags":[2118,337,273,132,113,247,133,297],"class_list":["post-19089","post","type-post","status-publish","format-standard","has-post-thumbnail","hentry","category-al-dia","category-educacion","category-region","tag-semanariolocal","tag-informacion","tag-noticias","tag-osorno","tag-puerto-montt","tag-region-de-los-lagos","tag-semanario-local","tag-universidad-de-los-lagos"],"_links":{"self":[{"href":"https:\/\/www.semanariolocal.cl\/index.php?rest_route=\/wp\/v2\/posts\/19089","targetHints":{"allow":["GET"]}}],"collection":[{"href":"https:\/\/www.semanariolocal.cl\/index.php?rest_route=\/wp\/v2\/posts"}],"about":[{"href":"https:\/\/www.semanariolocal.cl\/index.php?rest_route=\/wp\/v2\/types\/post"}],"author":[{"embeddable":true,"href":"https:\/\/www.semanariolocal.cl\/index.php?rest_route=\/wp\/v2\/users\/1"}],"replies":[{"embeddable":true,"href":"https:\/\/www.semanariolocal.cl\/index.php?rest_route=%2Fwp%2Fv2%2Fcomments&post=19089"}],"version-history":[{"count":1,"href":"https:\/\/www.semanariolocal.cl\/index.php?rest_route=\/wp\/v2\/posts\/19089\/revisions"}],"predecessor-version":[{"id":19091,"href":"https:\/\/www.semanariolocal.cl\/index.php?rest_route=\/wp\/v2\/posts\/19089\/revisions\/19091"}],"wp:featuredmedia":[{"embeddable":true,"href":"https:\/\/www.semanariolocal.cl\/index.php?rest_route=\/wp\/v2\/media\/19090"}],"wp:attachment":[{"href":"https:\/\/www.semanariolocal.cl\/index.php?rest_route=%2Fwp%2Fv2%2Fmedia&parent=19089"}],"wp:term":[{"taxonomy":"category","embeddable":true,"href":"https:\/\/www.semanariolocal.cl\/index.php?rest_route=%2Fwp%2Fv2%2Fcategories&post=19089"},{"taxonomy":"post_tag","embeddable":true,"href":"https:\/\/www.semanariolocal.cl\/index.php?rest_route=%2Fwp%2Fv2%2Ftags&post=19089"}],"curies":[{"name":"wp","href":"https:\/\/api.w.org\/{rel}","templated":true}]}}