{"id":19079,"date":"2024-01-08T22:43:23","date_gmt":"2024-01-09T01:43:23","guid":{"rendered":"https:\/\/www.semanariolocal.cl\/?p=19079"},"modified":"2024-01-08T22:43:23","modified_gmt":"2024-01-09T01:43:23","slug":"conversatorio-barometro-regional-ulagos-presenta-una-decada-de-investigacion","status":"publish","type":"post","link":"https:\/\/www.semanariolocal.cl\/?p=19079","title":{"rendered":"Conversatorio Bar\u00f3metro Regional ULagos presenta una d\u00e9cada de investigaci\u00f3n"},"content":{"rendered":"\n<p>El impacto de 10 a\u00f1os de investigaci\u00f3n (2011-2022) en materias fundamentales para la construcci\u00f3n del tejido social en regiones, es el tema central del conversatorio \u201cUna d\u00e9cada de opini\u00f3n p\u00fablica en Los Lagos: La experiencia del Bar\u00f3metro Regional\u201d, que organiza el Centro de Estudios del Desarrollo Regional y Pol\u00edticas P\u00fablicas (CEDER) de la Universidad de Los Lagos.<\/p>\n\n\n\n<p>El conversatorio que se realizar\u00e1 este viernes 12 de enero, en el Auditorio ubicado en calle Serena #77,&nbsp; analizar\u00e1 la evoluci\u00f3n de la opini\u00f3n p\u00fablica en materias tales como adhesi\u00f3n a la Democracia, confianza institucional, visi\u00f3n de la ciudadan\u00eda sobre las regiones y evaluaci\u00f3n de las pol\u00edticas p\u00fablicas.<\/p>\n\n\n\n<p>Marco Salazar, director de diario El Llanquihue de Puerto Montt, ser\u00e1 el moderador de este an\u00e1lisis, que contar\u00e1 con la participaci\u00f3n y comentarios del alcalde de Puerto Varas, Tom\u00e1s G\u00e1rate; Viviana Carrasco, presidenta de la Cooperativa Walung;&nbsp; Nayadeth Arriagada, doctora en Sostenibilidad Socio Ecol\u00f3gica y co-fundadora de Chilo\u00e9 Profunda y Adolfo Alvial, director ejecutivo de Club Innovaci\u00f3n Acu\u00edcola y de ORBE XXI.<\/p>\n\n\n\n<p>El conversatorio \u201cUna d\u00e9cada de opini\u00f3n p\u00fablica en Los Lagos: La experiencia del Bar\u00f3metro Regional\u201d ser\u00e1 transmitido a trav\u00e9s de ULagos TV.<\/p>\n","protected":false},"excerpt":{"rendered":"<p>El conversatorio que se realizar\u00e1 este viernes 12 de enero, en el Auditorio ubicado en calle Serena #77,\u00a0 analizar\u00e1 la evoluci\u00f3n de la opini\u00f3n p\u00fablica en materias tales como adhesi\u00f3n a la Democracia, confianza institucional, visi\u00f3n de la ciudadan\u00eda sobre las regiones y evaluaci\u00f3n de las pol\u00edticas p\u00fablicas.<\/p>\n","protected":false},"author":1,"featured_media":19080,"comment_status":"closed","ping_status":"closed","sticky":false,"template":"","format":"standard","meta":{"footnotes":""},"categories":[3,11,2541,2483],"tags":[337,273,132,247,133,297],"class_list":["post-19079","post","type-post","status-publish","format-standard","has-post-thumbnail","hentry","category-al-dia","category-educacion","category-investigacion","category-region","tag-informacion","tag-noticias","tag-osorno","tag-region-de-los-lagos","tag-semanario-local","tag-universidad-de-los-lagos"],"_links":{"self":[{"href":"https:\/\/www.semanariolocal.cl\/index.php?rest_route=\/wp\/v2\/posts\/19079","targetHints":{"allow":["GET"]}}],"collection":[{"href":"https:\/\/www.semanariolocal.cl\/index.php?rest_route=\/wp\/v2\/posts"}],"about":[{"href":"https:\/\/www.semanariolocal.cl\/index.php?rest_route=\/wp\/v2\/types\/post"}],"author":[{"embeddable":true,"href":"https:\/\/www.semanariolocal.cl\/index.php?rest_route=\/wp\/v2\/users\/1"}],"replies":[{"embeddable":true,"href":"https:\/\/www.semanariolocal.cl\/index.php?rest_route=%2Fwp%2Fv2%2Fcomments&post=19079"}],"version-history":[{"count":1,"href":"https:\/\/www.semanariolocal.cl\/index.php?rest_route=\/wp\/v2\/posts\/19079\/revisions"}],"predecessor-version":[{"id":19081,"href":"https:\/\/www.semanariolocal.cl\/index.php?rest_route=\/wp\/v2\/posts\/19079\/revisions\/19081"}],"wp:featuredmedia":[{"embeddable":true,"href":"https:\/\/www.semanariolocal.cl\/index.php?rest_route=\/wp\/v2\/media\/19080"}],"wp:attachment":[{"href":"https:\/\/www.semanariolocal.cl\/index.php?rest_route=%2Fwp%2Fv2%2Fmedia&parent=19079"}],"wp:term":[{"taxonomy":"category","embeddable":true,"href":"https:\/\/www.semanariolocal.cl\/index.php?rest_route=%2Fwp%2Fv2%2Fcategories&post=19079"},{"taxonomy":"post_tag","embeddable":true,"href":"https:\/\/www.semanariolocal.cl\/index.php?rest_route=%2Fwp%2Fv2%2Ftags&post=19079"}],"curies":[{"name":"wp","href":"https:\/\/api.w.org\/{rel}","templated":true}]}}