{"id":19066,"date":"2024-01-06T11:17:00","date_gmt":"2024-01-06T14:17:00","guid":{"rendered":"https:\/\/www.semanariolocal.cl\/?p=19066"},"modified":"2024-01-07T23:24:27","modified_gmt":"2024-01-08T02:24:27","slug":"jardines-infantiles-alternativos-de-chiloe-ganan-fondos-concursables-de-innovacion","status":"publish","type":"post","link":"https:\/\/www.semanariolocal.cl\/?p=19066","title":{"rendered":"Jardines Infantiles Alternativos de Chilo\u00e9 ganan fondos concursables de innovaci\u00f3n"},"content":{"rendered":"\n<p>Desde JUNJI Los Lagos se destac\u00f3 que los montos obtenidos ascienden en total a los 9 millones de pesos y que en l\u00edneas generales \u201clos proyectos de innovaci\u00f3n de las unidades educativas buscan generar nuevos espacios l\u00fadicos al aire libre, dise\u00f1ados especialmente para los ni\u00f1os y ni\u00f1as donde son los protagonistas de sus propios aprendizajes y con la intenci\u00f3n de abrirlos a las comunidades\u201d.<\/p>\n\n\n\n<p>Las iniciativas que se implementar\u00e1n en el archipi\u00e9lago se denominan Lugar Encantado y Yo Te Abrazo Camino Bueno (<em>Inche Rofuleyu K\u00fcme R\u00fcp\u00fc<\/em>), respectivamente, y ser\u00e1n apoyados en la gesti\u00f3n t\u00e9cnica y financiera por la Subdirecci\u00f3n de Calidad Educativa y su equipo asesor de la JUNJI de la Oficina de Chilo\u00e9.<\/p>\n\n\n\n<p>\u201cEstos proyectos dan realce a la territorialidad y al contexto cultural de la Provincia de Chilo\u00e9; y, por otro lado, permitir\u00e1 la transformaci\u00f3n de las pr\u00e1cticas educativas en beneficio de los propios ni\u00f1os y ni\u00f1as a trav\u00e9s de la exploraci\u00f3n juego, asombro y la curiosidad, para comprender de mejor manera su entorno y poder compartir\u201d, destac\u00f3 la subdirectora de JUNJI, Claudia Alvarez.<\/p>\n\n\n\n<p>El FIEP \u201cLugar Encantado\u201d del Jard\u00edn Infantil Alternativo \u201cPewmawe\u201d de la comuna de Quinchao, Isla Caguach, trata de potenciar la convivencia y la salud mental de la comunidad educativa, en el marco de la pol\u00edtica de Reactivaci\u00f3n Educativa. En esta, se implementar\u00e1n instancias de aprovechamiento de los espacios al aire libre, actividades recreativas-pedag\u00f3gicas y fortalecimiento de los encuentros junto a las familias, siendo sus encargadas las funcionarias Rosa Almonacid y Elizabeth Ya\u00f1ez.<\/p>\n\n\n\n<p>En tanto, \u201cInche Rofuleyu k\u00fcme R\u00fcp\u00fc\u201d del Jard\u00edn Infantil Alternativo \u201cKim Mapu\u201d de la comuna de Chonchi, est\u00e1 asociada al fortalecimiento de su sello intercultural-ambiental y en donde los aprendizajes se generar\u00e1n en instancias de aprovechamiento del juego en el exterior de las aulas, apropi\u00e1ndose del entorno natural de la unidad educativa. Dicho FIEP est\u00e1&nbsp;a cargo de Julieta Teca y Magali Rain.<\/p>\n","protected":false},"excerpt":{"rendered":"<p>\u201cPenmawe\u201d de Quinchao y \u201cKim Mapu\u201d de Chonchi se adjudicaron estos importantes Fondos de Innovaci\u00f3n de Educaci\u00f3n Parvularia (FIEP) que impulsa la Subsecretaria de Educaci\u00f3n Parvularia y que por primera vez fueron destinados a establecimientos de educaci\u00f3n inicial ubicados en zonas rurales.<\/p>\n","protected":false},"author":1,"featured_media":19067,"comment_status":"closed","ping_status":"closed","sticky":false,"template":"","format":"standard","meta":{"footnotes":""},"categories":[3,8,11,9,2483],"tags":[2118,441,337,2674,35,273,132,247,133],"class_list":["post-19066","post","type-post","status-publish","format-standard","has-post-thumbnail","hentry","category-al-dia","category-comunas","category-educacion","category-gobierno","category-region","tag-semanariolocal","tag-chiloe","tag-informacion","tag-jardines-infantiles-alternativos","tag-junji","tag-noticias","tag-osorno","tag-region-de-los-lagos","tag-semanario-local"],"_links":{"self":[{"href":"https:\/\/www.semanariolocal.cl\/index.php?rest_route=\/wp\/v2\/posts\/19066","targetHints":{"allow":["GET"]}}],"collection":[{"href":"https:\/\/www.semanariolocal.cl\/index.php?rest_route=\/wp\/v2\/posts"}],"about":[{"href":"https:\/\/www.semanariolocal.cl\/index.php?rest_route=\/wp\/v2\/types\/post"}],"author":[{"embeddable":true,"href":"https:\/\/www.semanariolocal.cl\/index.php?rest_route=\/wp\/v2\/users\/1"}],"replies":[{"embeddable":true,"href":"https:\/\/www.semanariolocal.cl\/index.php?rest_route=%2Fwp%2Fv2%2Fcomments&post=19066"}],"version-history":[{"count":1,"href":"https:\/\/www.semanariolocal.cl\/index.php?rest_route=\/wp\/v2\/posts\/19066\/revisions"}],"predecessor-version":[{"id":19068,"href":"https:\/\/www.semanariolocal.cl\/index.php?rest_route=\/wp\/v2\/posts\/19066\/revisions\/19068"}],"wp:featuredmedia":[{"embeddable":true,"href":"https:\/\/www.semanariolocal.cl\/index.php?rest_route=\/wp\/v2\/media\/19067"}],"wp:attachment":[{"href":"https:\/\/www.semanariolocal.cl\/index.php?rest_route=%2Fwp%2Fv2%2Fmedia&parent=19066"}],"wp:term":[{"taxonomy":"category","embeddable":true,"href":"https:\/\/www.semanariolocal.cl\/index.php?rest_route=%2Fwp%2Fv2%2Fcategories&post=19066"},{"taxonomy":"post_tag","embeddable":true,"href":"https:\/\/www.semanariolocal.cl\/index.php?rest_route=%2Fwp%2Fv2%2Ftags&post=19066"}],"curies":[{"name":"wp","href":"https:\/\/api.w.org\/{rel}","templated":true}]}}