{"id":19063,"date":"2024-01-06T08:00:00","date_gmt":"2024-01-06T11:00:00","guid":{"rendered":"https:\/\/www.semanariolocal.cl\/?p=19063"},"modified":"2024-01-07T23:15:39","modified_gmt":"2024-01-08T02:15:39","slug":"asumio-nuevo-director-regional-de-inia-remehue","status":"publish","type":"post","link":"https:\/\/www.semanariolocal.cl\/?p=19063","title":{"rendered":"Asumi\u00f3 nuevo director regional de INIA Remehue"},"content":{"rendered":"\n<p>Para continuar con la misi\u00f3n de diversificar la matriz agroalimentaria, conservar y aumentar la biodiversidad productiva, disminuir la huella ecol\u00f3gica y ambiental de la producci\u00f3n agropecuaria, as\u00ed como fortalecer la vinculaci\u00f3n con el medio y transferencia tecnol\u00f3gica, asumi\u00f3 como nuevo director del Centro Regional de Investigaci\u00f3n INIA Remehue, el ingeniero agr\u00f3nomo, Mag\u00edster en Ciencias Vegetales y Doctor en Ciencias Agrarias, Manuel Mu\u00f1oz David.<\/p>\n\n\n\n<p>El nuevo director de INIA Remehue ingres\u00f3 al Instituto de Investigaciones Agropecuarias (INIA) en 2013, integr\u00e1ndose como investigador al Programa de Mejoramiento Gen\u00e9tico de Papa en el Centro Regional INIA Remehue en Osorno, estando actualmente a cargo de este programa.<\/p>\n\n\n\n<p>Durante su labor como investigador ha desarrollado diversos proyectos relacionados con el estudio de la diversidad gen\u00e9tica, el fitomejoramiento y desarrollo de nuevas variedades de papa y el fomento de su producci\u00f3n y utilizaci\u00f3n. Tambi\u00e9n ha contribuido al registro de seis variedades vegetales e impulsado iniciativas vinculadas con la valorizaci\u00f3n de la papa nativa.<\/p>\n\n\n\n<p>Por su parte, la doctora Natalie Urrutia, ex directora regional de INIA Remehue, retom\u00f3 sus funciones como investigadora especialista en nutrici\u00f3n de vacas lecheras en el citado centro de investigaci\u00f3n, con el objetivo de seguir potenciando esta \u00e1rea de investigaci\u00f3n tan relevante en la zona sur.<\/p>\n","protected":false},"excerpt":{"rendered":"<p>La directora nacional del INIA, Iris Lobos, junto con anunciar este cambio y agradecer la gesti\u00f3n de Natalie Urrutia como directora regional, le dese\u00f3 al nuevo director de INIA Remehue \u201cmucho \u00e9xito en este desaf\u00edo de liderar el desarrollo agroalimentario en las regiones de los Lagos y Los R\u00edos\u201d.<\/p>\n","protected":false},"author":1,"featured_media":19064,"comment_status":"closed","ping_status":"closed","sticky":false,"template":"","format":"standard","meta":{"footnotes":""},"categories":[20,3,2541],"tags":[337,557,708,273,132,247,133],"class_list":["post-19063","post","type-post","status-publish","format-standard","has-post-thumbnail","hentry","category-agro","category-al-dia","category-investigacion","tag-informacion","tag-inia","tag-investigacion","tag-noticias","tag-osorno","tag-region-de-los-lagos","tag-semanario-local"],"_links":{"self":[{"href":"https:\/\/www.semanariolocal.cl\/index.php?rest_route=\/wp\/v2\/posts\/19063","targetHints":{"allow":["GET"]}}],"collection":[{"href":"https:\/\/www.semanariolocal.cl\/index.php?rest_route=\/wp\/v2\/posts"}],"about":[{"href":"https:\/\/www.semanariolocal.cl\/index.php?rest_route=\/wp\/v2\/types\/post"}],"author":[{"embeddable":true,"href":"https:\/\/www.semanariolocal.cl\/index.php?rest_route=\/wp\/v2\/users\/1"}],"replies":[{"embeddable":true,"href":"https:\/\/www.semanariolocal.cl\/index.php?rest_route=%2Fwp%2Fv2%2Fcomments&post=19063"}],"version-history":[{"count":1,"href":"https:\/\/www.semanariolocal.cl\/index.php?rest_route=\/wp\/v2\/posts\/19063\/revisions"}],"predecessor-version":[{"id":19065,"href":"https:\/\/www.semanariolocal.cl\/index.php?rest_route=\/wp\/v2\/posts\/19063\/revisions\/19065"}],"wp:featuredmedia":[{"embeddable":true,"href":"https:\/\/www.semanariolocal.cl\/index.php?rest_route=\/wp\/v2\/media\/19064"}],"wp:attachment":[{"href":"https:\/\/www.semanariolocal.cl\/index.php?rest_route=%2Fwp%2Fv2%2Fmedia&parent=19063"}],"wp:term":[{"taxonomy":"category","embeddable":true,"href":"https:\/\/www.semanariolocal.cl\/index.php?rest_route=%2Fwp%2Fv2%2Fcategories&post=19063"},{"taxonomy":"post_tag","embeddable":true,"href":"https:\/\/www.semanariolocal.cl\/index.php?rest_route=%2Fwp%2Fv2%2Ftags&post=19063"}],"curies":[{"name":"wp","href":"https:\/\/api.w.org\/{rel}","templated":true}]}}