{"id":19057,"date":"2024-01-06T19:00:00","date_gmt":"2024-01-06T22:00:00","guid":{"rendered":"https:\/\/www.semanariolocal.cl\/?p=19057"},"modified":"2024-01-07T23:03:38","modified_gmt":"2024-01-08T02:03:38","slug":"indap-mejora-acceso-al-riego-y-apoya-plantacion-de-uvas-viniferas-en-puerto-octay","status":"publish","type":"post","link":"https:\/\/www.semanariolocal.cl\/?p=19057","title":{"rendered":"INDAP mejora acceso al riego y apoya plantaci\u00f3n de uvas vin\u00edferas en Puerto Octay\u00a0"},"content":{"rendered":"\n<p>El proyecto de riego, ejecutado durante 2023, consisti\u00f3 en la construcci\u00f3n y habilitaci\u00f3n de un pozo profundo con un sistema de aspersi\u00f3n con energ\u00eda solar para el riego de las huertas de las familias beneficiadas. Contempl\u00f3 la instalaci\u00f3n de un generador fotovoltaico&nbsp;<em>on grid<\/em>&nbsp;de 4,52 kWp, una red de conducci\u00f3n matriz y un sistema de aplicaci\u00f3n de riego en cada predio. La inversi\u00f3n ascendi\u00f3 a $101 millones, con un cofinanciamiento de INDAP de $90 millones.&nbsp;<\/p>\n\n\n\n<p>Mar\u00eda Ang\u00e9lica Linay, dirigenta de la comunidad del sector Chapuco, dijo que es muy importante contar con este pozo, \u201cque nos permite tener agua para nuestra actividad agr\u00edcola, as\u00ed que estamos muy agradecidos de las autoridades que nos han ayudado y que hoy nos permiten tener una alegr\u00eda muy grande\u201d.&nbsp;<\/p>\n\n\n\n<p>Santiago Rojas, por su parte, destac\u00f3 que gracias al Programa de Riego Asociativo de la instituci\u00f3n \u201cestas familias hoy tienen certeza h\u00eddrica y pueden acceder a agua de calidad, con buena presi\u00f3n, para sus huertos, animales y todas sus necesidades, as\u00ed que esperamos que esto les permite mejorar su producci\u00f3n y calidad de vida\u201d.&nbsp;<\/p>\n\n\n\n<p>\u201cDe esta manera estamos avanzando en seguridad h\u00eddrica para la Agricultura Familiar Campesina e Ind\u00edgena, con todas las herramientas del Estado y en un contexto de cambio clim\u00e1tico donde cada vez hay m\u00e1s sequ\u00eda\u201d, a\u00f1adi\u00f3.&nbsp;<\/p>\n\n\n\n<p>Por su parte, el alcalde de Puerto Octay, Gerardo Gunckel, valor\u00f3 que los recursos p\u00fablicos se inviertan de buena forma: \u201cesta obra est\u00e1 solucionando un problema de agua para producci\u00f3n agr\u00edcola en una zona de precordillera, algo impensado en otro momento. Como municipio les entregamos a las familias, en algunos veranos secos, camiones aljibes para que pudieran tener agua para beber, as\u00ed que se trata de un avance muy importante\u201d.&nbsp;<\/p>\n\n\n\n<p><strong>Vi\u00f1edos con pertinencia cultural&nbsp;<\/strong><\/p>\n\n\n\n<p>En su segunda actividad en la comuna de Puerto Octay, Santiago Rojas lleg\u00f3 hasta la comunidad Marican, donde conoci\u00f3 el trabajo desarrollado por los agricultores mapuche Hern\u00e1n y Sandra Marican, padre e hija que est\u00e1n produciendo uvas vin\u00edferas de las cepas chardonnay y pinot noir en un terreno de 800 metros cuadrados.&nbsp;<\/p>\n\n\n\n<p>En relaci\u00f3n a la iniciativa, la delegada presidencial Claudia Pailalef dijo que \u201cdesde el gobierno del Presidente Boric compartimos la alegr\u00eda de la familia Marican, que se motiv\u00f3 para innovar y cuenta hoy con este huerto experimental para conocer el comportamiento de las vides en este hermoso territorio\u201d.&nbsp;<\/p>\n\n\n\n<p>Este innovador proyecto de diversificaci\u00f3n frut\u00edcola, iniciado en marzo del a\u00f1o pasado y cuyo cultivo en predio se realiz\u00f3 hace un par de meses, es liderado y financiado por la Universidad de Los Lagos y la Municipalidad de Puerto Octay, y cuenta con el apoyo t\u00e9cnico del Programa de Desarrollo Territorial Ind\u00edgena (PDTI) de INDAP. En la asesor\u00eda especializada est\u00e1 Claudio L\u00f3pez Klocker, de Vi\u00f1a Klocker Prambs, de Frutillar, y en el \u00e1rea comercial, la doctora Sandra R\u00edos.&nbsp;<\/p>\n","protected":false},"excerpt":{"rendered":"<p>Inauguran obras de riego asociativo beneficiando a 10 familias campesinas. Durante la actividad se visit\u00f3 un innovador proyecto de producci\u00f3n de uvas vin\u00edferas en la comunidad ind\u00edgena Marican en el sector Chapuco de la comuna de Puerto Octay, Regi\u00f3n de Los Lagos. <\/p>\n","protected":false},"author":1,"featured_media":19058,"comment_status":"closed","ping_status":"closed","sticky":false,"template":"","format":"standard","meta":{"footnotes":""},"categories":[20,3,9],"tags":[2118,810,337,273,132,247,133],"class_list":["post-19057","post","type-post","status-publish","format-standard","has-post-thumbnail","hentry","category-agro","category-al-dia","category-gobierno","tag-semanariolocal","tag-indap","tag-informacion","tag-noticias","tag-osorno","tag-region-de-los-lagos","tag-semanario-local"],"_links":{"self":[{"href":"https:\/\/www.semanariolocal.cl\/index.php?rest_route=\/wp\/v2\/posts\/19057","targetHints":{"allow":["GET"]}}],"collection":[{"href":"https:\/\/www.semanariolocal.cl\/index.php?rest_route=\/wp\/v2\/posts"}],"about":[{"href":"https:\/\/www.semanariolocal.cl\/index.php?rest_route=\/wp\/v2\/types\/post"}],"author":[{"embeddable":true,"href":"https:\/\/www.semanariolocal.cl\/index.php?rest_route=\/wp\/v2\/users\/1"}],"replies":[{"embeddable":true,"href":"https:\/\/www.semanariolocal.cl\/index.php?rest_route=%2Fwp%2Fv2%2Fcomments&post=19057"}],"version-history":[{"count":1,"href":"https:\/\/www.semanariolocal.cl\/index.php?rest_route=\/wp\/v2\/posts\/19057\/revisions"}],"predecessor-version":[{"id":19059,"href":"https:\/\/www.semanariolocal.cl\/index.php?rest_route=\/wp\/v2\/posts\/19057\/revisions\/19059"}],"wp:featuredmedia":[{"embeddable":true,"href":"https:\/\/www.semanariolocal.cl\/index.php?rest_route=\/wp\/v2\/media\/19058"}],"wp:attachment":[{"href":"https:\/\/www.semanariolocal.cl\/index.php?rest_route=%2Fwp%2Fv2%2Fmedia&parent=19057"}],"wp:term":[{"taxonomy":"category","embeddable":true,"href":"https:\/\/www.semanariolocal.cl\/index.php?rest_route=%2Fwp%2Fv2%2Fcategories&post=19057"},{"taxonomy":"post_tag","embeddable":true,"href":"https:\/\/www.semanariolocal.cl\/index.php?rest_route=%2Fwp%2Fv2%2Ftags&post=19057"}],"curies":[{"name":"wp","href":"https:\/\/api.w.org\/{rel}","templated":true}]}}