{"id":19018,"date":"2024-01-05T07:05:00","date_gmt":"2024-01-05T10:05:00","guid":{"rendered":"https:\/\/www.semanariolocal.cl\/?p=19018"},"modified":"2024-01-05T13:34:10","modified_gmt":"2024-01-05T16:34:10","slug":"ingenieros-ulagos-desarrollan-proyecto-de-agua-potable-para-tenglo","status":"publish","type":"post","link":"https:\/\/www.semanariolocal.cl\/?p=19018","title":{"rendered":"Ingenieros ULagos desarrollan proyecto de agua potable para Tenglo"},"content":{"rendered":"\n<p>Aunque se trata de un sector formalmente catalogado como \u201curbano\u201d, un grupo de habitantes de la isla Tenglo &#8211; ubicada a un paso de la capital regional &#8211; todav\u00eda no cuentan con un suministro de agua potable. Se trata de las \u00e1reas de Sector Sur, Capilla y La Vega que deben recurrir a pozos, a fuentes de agua lluvia e incluso comprar a privados, para acceder al vital elemento. \u201cSon sectores que actualmente carecen de una infraestructura de suministro de agua potable y alcantarillado\u201d, coment\u00f3 el acad\u00e9mico Marco Soto, del Departamento de las Ingenier\u00edas ULagos.<\/p>\n\n\n\n<p>Es por esta raz\u00f3n que, en el contexto de colaboraci\u00f3n de las carreras de ingenier\u00eda con la Fundaci\u00f3n para la Superaci\u00f3n de la Pobreza &#8211; cuya directora Claudia Mu\u00f1oz forma parte de su correspondiente consejo externo -, surgi\u00f3 la iniciativa de aportar en la soluci\u00f3n del problema de agua potable en Tenglo, por medio de los proyectos ULab que desarrollan las ingenier\u00edas.<\/p>\n\n\n\n<p>Es as\u00ed como Patricia P\u00e9rez, Francisco Ortega y Diego C\u00e1rdenas, estudiantes de Ingenier\u00eda Civil en Obras Civiles iniciaron un trabajo de georreferenciaci\u00f3n (ubicaci\u00f3n) de las actuales conexiones a la red de agua que tienen los habitantes de la isla, con GPS , en el contexto de la asignatura Taller de Proyectos Hidr\u00e1ulicos que dirige el acad\u00e9mico Marco Soto. \u201cTen\u00edamos la necesidad de hacer bien las cosas, para que la parte afectada de la comunidad de Tenglo, pueda alg\u00fan d\u00eda tener condiciones adecuadas de vida\u201d, enfatiz\u00f3 Patricia P\u00e9rez.<\/p>\n\n\n\n<p>\u201cEst\u00e1bamos presionados por la envergadura del proyecto, de salir de la universidad y enfrentar el mundo real. Pero ahora tenemos una enorme satisfacci\u00f3n al haber podido sacar adelante el proyecto\u201d, agreg\u00f3 Diego C\u00e1rdenas.<\/p>\n\n\n\n<p>\u201cAl principio est\u00e1bamos asustados, pero al pasar los d\u00edas comenzamos a sentirnos mejor\u201d, coment\u00f3 Francisco Ortega.<\/p>\n\n\n\n<p>Junto a Valentina Mart\u00ednez y Camilo Contreras profesionales de Servicio Pa\u00eds que viven en Tenglo, este grupo de estudiantes pudo entrar en contacto con los vecinos afectados, quienes as\u00ed prestaron su colaboraci\u00f3n para el desarrollo de los trabajos. \u201dNosotros les ayudamos para que pudieran entrar en los terrenos y conversar con la gente, porque estamos muy agradecidos con el trabajo que est\u00e1n realizando\u201d, coment\u00f3 Alfonso Almonacid, dirigente de la comunidad de Tenglo<\/p>\n\n\n<div class=\"wp-block-image\">\n<figure class=\"alignleft size-full is-resized\"><img loading=\"lazy\" decoding=\"async\" width=\"1000\" height=\"600\" src=\"https:\/\/www.semanariolocal.cl\/wp-content\/uploads\/2024\/01\/agua01.jpg\" alt=\"\" class=\"wp-image-19019\" style=\"width:387px;height:auto\" srcset=\"https:\/\/www.semanariolocal.cl\/wp-content\/uploads\/2024\/01\/agua01.jpg 1000w, https:\/\/www.semanariolocal.cl\/wp-content\/uploads\/2024\/01\/agua01-300x180.jpg 300w, https:\/\/www.semanariolocal.cl\/wp-content\/uploads\/2024\/01\/agua01-768x461.jpg 768w\" sizes=\"auto, (max-width: 1000px) 100vw, 1000px\" \/><\/figure>\n<\/div>\n\n\n<p>Tras un semestre de visitas peri\u00f3dicas a la isla, se lleg\u00f3 a una proyecci\u00f3n de red hidr\u00e1ulica, con un dise\u00f1o, costos y presupuesto definido, documento que constituye una primera etapa para la soluci\u00f3n del problema de suministro de agua potable para Tenglo. \u201cLo que viene es encontrar una fuente de agua constante en el tiempo, que sea capaz de captar desde las aguas lluvias y cuyo suministro sea permanente\u201d, dice el profesor Marco Soto.<\/p>\n\n\n\n<p>Claudia Mu\u00f1oz desde la Fundaci\u00f3n Para La Superaci\u00f3n de la Pobreza, se\u00f1al\u00f3 que el gran aporte de las carreras de ingenier\u00edas ULagos radica en su pertinencia. \u201cSe trata de un aporte espec\u00edfico en temas de hidr\u00e1ulica, que constituye una de las especialidades de las ingenier\u00edas que imparte la ULagos, porque este estudio quedar\u00e1 como una base t\u00e9cnica, para que otras instituciones tomen el proyecto para su formulaci\u00f3n y financiamiento del proyecto para la comunidad. Es primera vez que tenemos esta colaboraci\u00f3n con las ingenier\u00edas y nos sentimos felices por lo que hemos logrado hasta ahora\u201d, coment\u00f3 la directora de la Fundaci\u00f3n Para La Superaci\u00f3n de la Pobreza.<\/p>\n","protected":false},"excerpt":{"rendered":"<p>Aunque se trata de un sector formalmente catalogado como \u201curbano\u201d, un grupo de habitantes de la isla Tenglo &#8211; ubicada a un paso de la capital regional &#8211; todav\u00eda no cuentan con un suministro de agua potable. Se trata de las \u00e1reas de Sector Sur, Capilla y La Vega que deben recurrir a pozos, a&#8230;<a class=\"btnReadMore\" href=\"https:\/\/www.semanariolocal.cl\/?p=19018\"> Leer M\u00e1s<\/a><\/p>\n","protected":false},"author":1,"featured_media":19020,"comment_status":"closed","ping_status":"closed","sticky":false,"template":"","format":"standard","meta":{"footnotes":""},"categories":[8,11,2483],"tags":[2118,337,273,132,247,133,297],"class_list":["post-19018","post","type-post","status-publish","format-standard","has-post-thumbnail","hentry","category-comunas","category-educacion","category-region","tag-semanariolocal","tag-informacion","tag-noticias","tag-osorno","tag-region-de-los-lagos","tag-semanario-local","tag-universidad-de-los-lagos"],"_links":{"self":[{"href":"https:\/\/www.semanariolocal.cl\/index.php?rest_route=\/wp\/v2\/posts\/19018","targetHints":{"allow":["GET"]}}],"collection":[{"href":"https:\/\/www.semanariolocal.cl\/index.php?rest_route=\/wp\/v2\/posts"}],"about":[{"href":"https:\/\/www.semanariolocal.cl\/index.php?rest_route=\/wp\/v2\/types\/post"}],"author":[{"embeddable":true,"href":"https:\/\/www.semanariolocal.cl\/index.php?rest_route=\/wp\/v2\/users\/1"}],"replies":[{"embeddable":true,"href":"https:\/\/www.semanariolocal.cl\/index.php?rest_route=%2Fwp%2Fv2%2Fcomments&post=19018"}],"version-history":[{"count":1,"href":"https:\/\/www.semanariolocal.cl\/index.php?rest_route=\/wp\/v2\/posts\/19018\/revisions"}],"predecessor-version":[{"id":19021,"href":"https:\/\/www.semanariolocal.cl\/index.php?rest_route=\/wp\/v2\/posts\/19018\/revisions\/19021"}],"wp:featuredmedia":[{"embeddable":true,"href":"https:\/\/www.semanariolocal.cl\/index.php?rest_route=\/wp\/v2\/media\/19020"}],"wp:attachment":[{"href":"https:\/\/www.semanariolocal.cl\/index.php?rest_route=%2Fwp%2Fv2%2Fmedia&parent=19018"}],"wp:term":[{"taxonomy":"category","embeddable":true,"href":"https:\/\/www.semanariolocal.cl\/index.php?rest_route=%2Fwp%2Fv2%2Fcategories&post=19018"},{"taxonomy":"post_tag","embeddable":true,"href":"https:\/\/www.semanariolocal.cl\/index.php?rest_route=%2Fwp%2Fv2%2Ftags&post=19018"}],"curies":[{"name":"wp","href":"https:\/\/api.w.org\/{rel}","templated":true}]}}