{"id":19015,"date":"2024-01-05T13:21:09","date_gmt":"2024-01-05T16:21:09","guid":{"rendered":"https:\/\/www.semanariolocal.cl\/?p=19015"},"modified":"2024-01-05T13:21:10","modified_gmt":"2024-01-05T16:21:10","slug":"diputados-udi-presidente-boric-esta-validando-la-cocina-en-politica-que-tanto-critico","status":"publish","type":"post","link":"https:\/\/www.semanariolocal.cl\/?p=19015","title":{"rendered":"Diputados UDI: \u00abPresidente Boric Est\u00e1 validando la cocina en pol\u00edtica que tanto critic\u00f3\u201d"},"content":{"rendered":"\n<p>Los diputados de la Bancada UDI, Juan Antonio Coloma y Cristhian Moreira, acusaron al Presidente Gabriel Boric de estar \u201cvalidando la cocina en pol\u00edtica que tanto critic\u00f3 en el pasado\u201d, luego que esta ma\u00f1ana saliera a defender a los seis ministros que no informaron una serie de reuniones que sostuvieron durante el a\u00f1o pasado, espec\u00edficamente con representantes del mundo empresarial.<\/p>\n\n\n\n<p>Al respecto, en relaci\u00f3n con dichos encuentros, el actual Mandatario se\u00f1al\u00f3 que \u201cac\u00e1 no ha habido ning\u00fan incumplimiento de la ley\u201d, reiterando incluso que \u201ceso es lo que se ha hecho en este caso\u201d.<\/p>\n\n\n\n<p>Por lo mismo, junto con apuntar a una nueva \u201cvoltereta\u201d por parte de Boric, los parlamentarios gremialistas aseguraron que \u201cel est\u00e1ndar del Presidente en materia de probidad y transparencia es de lo m\u00e1s bajo que hemos visto en el \u00faltimo tiempo\u201d, manifestando que \u201cla \u00fanica se\u00f1al que est\u00e1 dando al defender tanto a sus ministros es que ellos est\u00e1n por sobre la ley y que pueden incumplirla\u201d.<\/p>\n\n\n\n<p>\u201cLo que acaba de hacer el Presidente Boric, con su defensa corporativa a los seis ministros que no registraron una serie de reuniones que sostuvieron durante el a\u00f1o pasado, es validar la cocina en pol\u00edtica, esa que tanto cuestion\u00f3 cuando era parlamentario, pero que ahora pareciera ni siquiera importarle\u201d, cuestionaron los diputados Coloma y Moreira, quienes agregaron que \u201cla superioridad moral de esta generaci\u00f3n pareciera que, incluso, les permite infringir las leyes en nuestro pa\u00eds\u201d.<\/p>\n\n\n\n<p>En esa l\u00ednea, los legisladores insistieron en que \u201cen otras palabras, lo que ha hecho el Mandatario es decirle a todos los chilenos que las autoridades de este gobierno seguir\u00e1n reuni\u00e9ndose con quienes estimen conveniente, sin informarlo de manera p\u00fablica y de espaldas a la ciudadan\u00eda\u201d, lo que a juicio de ellos \u201cdemuestra el absoluto desprecio por las normas de transparencia que existen en Chile\u201d.<\/p>\n\n\n\n<p>Incluso, los parlamentarios de la UDI se preguntaron sobre \u201cqu\u00e9 pensar\u00e1 el Partido Comunista y el Frente Amplio, que son los reyes de la moralina, que su principal representante est\u00e1 validando p\u00fablicamente que las autoridades se puedan reunir a escondidas y sin transparentarlo al pa\u00eds\u201d.<\/p>\n\n\n\n<p>Producto de lo anterior, los diputados Coloma y Moreira emplazaron al Presidente Boric a rectificar sus declaraciones y a ordenar, que tanto \u00e9l como sus ministros, cumplan desde ahora en adelante con todas las normas de transparencia que existen en Chile. \u201cLas leyes est\u00e1n para cumplirlas, no para que las autoridades las interpreten a su antojo para infringirlas\u201d, concluyeron ambos legisladores.<\/p>\n","protected":false},"excerpt":{"rendered":"<p>Juan Antonio Coloma y Cristhian Moreira apuntaron a una \u201cnueva voltereta\u201d por parte del Mandatario, luego que esta ma\u00f1ana defendiera a los seis secretarios de Estado que no publicaron los encuentros que sostuvieron con representantes del mundo empresarial.<\/p>\n","protected":false},"author":1,"featured_media":19016,"comment_status":"closed","ping_status":"closed","sticky":false,"template":"","format":"standard","meta":{"footnotes":""},"categories":[2496,6],"tags":[2118,2651,2650,337,524,273,132,247,133,52],"class_list":["post-19015","post","type-post","status-publish","format-standard","has-post-thumbnail","hentry","category-nacional","category-politica","tag-semanariolocal","tag-diputado-cristhian-moreira","tag-diputado-juan-antonio-coloma","tag-informacion","tag-juan-antonio-coloma","tag-noticias","tag-osorno","tag-region-de-los-lagos","tag-semanario-local","tag-udi"],"_links":{"self":[{"href":"https:\/\/www.semanariolocal.cl\/index.php?rest_route=\/wp\/v2\/posts\/19015","targetHints":{"allow":["GET"]}}],"collection":[{"href":"https:\/\/www.semanariolocal.cl\/index.php?rest_route=\/wp\/v2\/posts"}],"about":[{"href":"https:\/\/www.semanariolocal.cl\/index.php?rest_route=\/wp\/v2\/types\/post"}],"author":[{"embeddable":true,"href":"https:\/\/www.semanariolocal.cl\/index.php?rest_route=\/wp\/v2\/users\/1"}],"replies":[{"embeddable":true,"href":"https:\/\/www.semanariolocal.cl\/index.php?rest_route=%2Fwp%2Fv2%2Fcomments&post=19015"}],"version-history":[{"count":1,"href":"https:\/\/www.semanariolocal.cl\/index.php?rest_route=\/wp\/v2\/posts\/19015\/revisions"}],"predecessor-version":[{"id":19017,"href":"https:\/\/www.semanariolocal.cl\/index.php?rest_route=\/wp\/v2\/posts\/19015\/revisions\/19017"}],"wp:featuredmedia":[{"embeddable":true,"href":"https:\/\/www.semanariolocal.cl\/index.php?rest_route=\/wp\/v2\/media\/19016"}],"wp:attachment":[{"href":"https:\/\/www.semanariolocal.cl\/index.php?rest_route=%2Fwp%2Fv2%2Fmedia&parent=19015"}],"wp:term":[{"taxonomy":"category","embeddable":true,"href":"https:\/\/www.semanariolocal.cl\/index.php?rest_route=%2Fwp%2Fv2%2Fcategories&post=19015"},{"taxonomy":"post_tag","embeddable":true,"href":"https:\/\/www.semanariolocal.cl\/index.php?rest_route=%2Fwp%2Fv2%2Ftags&post=19015"}],"curies":[{"name":"wp","href":"https:\/\/api.w.org\/{rel}","templated":true}]}}