{"id":19012,"date":"2024-01-05T13:05:24","date_gmt":"2024-01-05T16:05:24","guid":{"rendered":"https:\/\/www.semanariolocal.cl\/?p=19012"},"modified":"2024-01-05T13:05:25","modified_gmt":"2024-01-05T16:05:25","slug":"comienzan-a-regir-nuevas-medidas-de-transparencia-para-servicios-publicos","status":"publish","type":"post","link":"https:\/\/www.semanariolocal.cl\/?p=19012","title":{"rendered":"Comienzan a regir nuevas medidas de transparencia para servicios p\u00fablicos"},"content":{"rendered":"\n<p>Este 5 de enero del 2024 comienza a regir la nueva Instrucci\u00f3n General sobre Transparencia Activa, para todos los servicios p\u00fablicos del pa\u00eds, instruida por el Consejo para la Transparencia (CPLT). <\/p>\n\n\n\n<p>El presidente del CPLT, Bernardo Navarrete, afirm\u00f3 que \u201cestas nuevas obligaciones tienen como finalidad generar una mejor rendici\u00f3n de cuentas de los servicios p\u00fablicos y con ello aumentar los est\u00e1ndares de probidad y transparencia de cara a la ciudadan\u00eda. Con esta nueva regla ser\u00e1 m\u00e1s f\u00e1cil para las personas acceder a informaci\u00f3n p\u00fablica, e incluso, comparar entre distintas administraciones. Hacemos un llamado a todos los servicios a actualizar sus portales\u00bb.<\/p>\n\n\n\n<p>Entre los principales cambios que introduce la Resoluci\u00f3n 500 del Consejo para la Transparencia, establece que a nivel de personal y remuneraciones se debe publicar, de ahora en adelante, el monto por bonificaci\u00f3n de metas que recibi\u00f3 ese funcionario en otra planilla, aparte del sueldo. Esto permitir\u00e1 conocer el detalle del pago que recibi\u00f3 el trabajador p\u00fablico; qu\u00e9 corresponde a bono, a bonificaci\u00f3n, a sueldo, etc., informaron desde el CPLT.&nbsp;&nbsp;<\/p>\n\n\n\n<p>Otra de las modificaciones es para el personal a honorarios. A contar de este a\u00f1o, se deber\u00e1 publicar en el sitio web del servicio, el informe que estos trabajadores generan para acreditar que se hizo esa labor por la cual fue contratado y que da pago a la remuneraci\u00f3n que le corresponda.<\/p>\n\n\n\n<p>Adicionalmente, el Consejo dict\u00f3 que toda la informaci\u00f3n que se publique no puede ser borrada; \u00e9sta debe quedar en el hist\u00f3rico, lo que permitir\u00e1 hacer comparaciones entre distintas fechas.<\/p>\n\n\n\n<p>Por otra parte, desde enero del 2024 se deben publicar en el Portal de Transparencia todos los informes con informaci\u00f3n presupuestaria que las municipalidades env\u00edan mensualmente a la Contralor\u00eda General de la Rep\u00fablica.<\/p>\n\n\n\n<p>La nueva instrucci\u00f3n tambi\u00e9n establece normas de buenas pr\u00e1cticas en transparencia, las cuales no son obligatorias, pero se promueve su cumplimiento. Por ejemplo, publicar los vi\u00e1ticos y los kilometrajes y gastos de peajes de los autos fiscales.<\/p>\n\n\n\n<p>La entrada en vigor de esta nueva instrucci\u00f3n general, que deroga autom\u00e1ticamente las anteriores, tuvo un a\u00f1o de preparaci\u00f3n en los distintos servicios que fiscaliza el Consejo para la Transparencia. As\u00ed, en todo el pa\u00eds se han capacitado a m\u00e1s de 9.000 funcionarios p\u00fablicos, para informar de estos cambios obligatorios.<\/p>\n","protected":false},"excerpt":{"rendered":"<p>La medida tiene como objeto unificar, sistematizar y actualizar t\u00e9rminos en los contenidos que se deben publicar y promover un uso de lenguaje claro, simple y comprensible para un buen y expedito acceso a la informaci\u00f3n p\u00fablica de parte de la ciudadan\u00eda.<\/p>\n","protected":false},"author":1,"featured_media":19013,"comment_status":"closed","ping_status":"closed","sticky":false,"template":"","format":"standard","meta":{"footnotes":""},"categories":[9,2496,6],"tags":[2118,2649,1487,1268,337,273,132,247,133,1774],"class_list":["post-19012","post","type-post","status-publish","format-standard","has-post-thumbnail","hentry","category-gobierno","category-nacional","category-politica","tag-semanariolocal","tag-bernardo-navarrete","tag-consejo-para-la-transparencia","tag-cplt","tag-informacion","tag-noticias","tag-osorno","tag-region-de-los-lagos","tag-semanario-local","tag-servicios-publicos"],"_links":{"self":[{"href":"https:\/\/www.semanariolocal.cl\/index.php?rest_route=\/wp\/v2\/posts\/19012","targetHints":{"allow":["GET"]}}],"collection":[{"href":"https:\/\/www.semanariolocal.cl\/index.php?rest_route=\/wp\/v2\/posts"}],"about":[{"href":"https:\/\/www.semanariolocal.cl\/index.php?rest_route=\/wp\/v2\/types\/post"}],"author":[{"embeddable":true,"href":"https:\/\/www.semanariolocal.cl\/index.php?rest_route=\/wp\/v2\/users\/1"}],"replies":[{"embeddable":true,"href":"https:\/\/www.semanariolocal.cl\/index.php?rest_route=%2Fwp%2Fv2%2Fcomments&post=19012"}],"version-history":[{"count":1,"href":"https:\/\/www.semanariolocal.cl\/index.php?rest_route=\/wp\/v2\/posts\/19012\/revisions"}],"predecessor-version":[{"id":19014,"href":"https:\/\/www.semanariolocal.cl\/index.php?rest_route=\/wp\/v2\/posts\/19012\/revisions\/19014"}],"wp:featuredmedia":[{"embeddable":true,"href":"https:\/\/www.semanariolocal.cl\/index.php?rest_route=\/wp\/v2\/media\/19013"}],"wp:attachment":[{"href":"https:\/\/www.semanariolocal.cl\/index.php?rest_route=%2Fwp%2Fv2%2Fmedia&parent=19012"}],"wp:term":[{"taxonomy":"category","embeddable":true,"href":"https:\/\/www.semanariolocal.cl\/index.php?rest_route=%2Fwp%2Fv2%2Fcategories&post=19012"},{"taxonomy":"post_tag","embeddable":true,"href":"https:\/\/www.semanariolocal.cl\/index.php?rest_route=%2Fwp%2Fv2%2Ftags&post=19012"}],"curies":[{"name":"wp","href":"https:\/\/api.w.org\/{rel}","templated":true}]}}