{"id":19010,"date":"2024-01-05T12:51:50","date_gmt":"2024-01-05T15:51:50","guid":{"rendered":"https:\/\/www.semanariolocal.cl\/?p=19010"},"modified":"2024-01-05T12:51:51","modified_gmt":"2024-01-05T15:51:51","slug":"declaran-inocente-a-senador-fidel-espinoza-de-acusaciones-de-ex-seremi-velasquez","status":"publish","type":"post","link":"https:\/\/www.semanariolocal.cl\/?p=19010","title":{"rendered":"Declaran inocente a Senador Fidel Espinoza de acusaciones de Ex-Seremi Vel\u00e1squez"},"content":{"rendered":"\n<p>Como <em>\u201cun precedente muy importante para la justicia y los derechos que cualquier ciudadano debe tener\u201d,<\/em> calific\u00f3 el senador (PS) Fidel Espinoza, la decisi\u00f3n favorable del Juzgado de Garant\u00eda de Puerto Montt, de sobreseer de manera definitiva la causa en su contra, por los delitos de negociaci\u00f3n incompatible y tr\u00e1fico de influencias.<\/p>\n\n\n\n<p>La querella criminal contra el parlamentario hab\u00eda sido presentada en 2017, por el abogado Marcos Vel\u00e1squez, quien fuera defensor del oficial de Carabineros (r) Ren\u00e9 Villarroel, acusado de participar en el crimen del padre del congresista.<\/p>\n\n\n\n<p><em>\u201cEl abogado mencionado actu\u00f3 no solo irresponsablemente sino que de manera canallesca, \u00e9l era el abogado del asesino de mi padre, Ren\u00e9 Villarroel, y tras perder esa causa, en primera instancia, emprendi\u00f3 contra mi persona una persecuci\u00f3n odiosa y demencial, que termin\u00f3 traduci\u00e9ndose en una querella sin sustento, pero que provoc\u00f3 heridas profundas en mi honorabilidad, la de mi familia incluyendo entonces a mi madre viva que sufri\u00f3 ante las graves acusaciones proferidas por el se\u00f1or Marco Vel\u00e1squez, respecto a un eventual tr\u00e1fico de influencias, una negociaci\u00f3n incompatible y enriquecimiento il\u00edcito de mi parte, queriendo hacer creer a la comunidad, que el campo que heredamos de nuestro padre, ejecutado en 1973, hab\u00eda sido mal habido\u201d,<\/em> manifest\u00f3 el senador Espinoza tras conocer el fallo. &nbsp;<\/p>\n\n\n\n<p>El fallo, al que el abogado Vel\u00e1squez no se present\u00f3, determin\u00f3 el sobreseimiento definitivo que, en palabras del abogado defensor de Espinoza, Sergio Coronado, significa que la causa termina de manera total y definitiva, por lo tanto no se puede volver a abrir, ni a plantearse una investigaci\u00f3n penal en base a los mismos hechos que fueron materia de investigaci\u00f3n. El jurista manifest\u00f3 que la decisi\u00f3n era la esperada, porque <em>\u201cuna persona no puede estar siendo indefinidamente investigada\u201d.<\/em><\/p>\n\n\n\n<p>Respecto de los fundamentos de la acusaci\u00f3n, Espinoza asegur\u00f3 que <em>\u201cnada me amedrentar\u00e1, ni siquiera la actitud siniestra, odiosa de un abogado que ayer, con su ausencia demostr\u00f3 no s\u00f3lo su poco profesionalismo, sino que adem\u00e1s su mediocridad\u201d, <\/em>dijo y agreg\u00f3 que<em> \u201cen las pr\u00f3ximas semanas, junto al abogado Sergio Coronado, presentaremos las acciones judiciales en contra del se\u00f1or Marco Vel\u00e1zquez, amparados en una investigaci\u00f3n de siete a\u00f1os que demostr\u00f3 mi total inocencia ante sus falsas acusaciones, y que adem\u00e1s demostr\u00f3 que mi patrimonio ha sido objeto de mi constante trabajo, que toda la comunidad conoce, de la herencia de mi familia y de la responsabilidad en el manejo de mis recursos personales. Espero este se\u00f1or tenga la m\u00ednima decencia de reconocer que se equivoc\u00f3 gravemente. No obstante ello, la querella por injurias ya la estamos preparando\u201d<\/em>, dijo.<\/p>\n\n\n\n<p>Respecto de las acusaciones presentadas en la querella criminal, el parlamentario demostr\u00f3 que cada uno de sus actos, &nbsp;han estado enmarcados dentro del marco de la transparencia y la legalidad.<\/p>\n\n\n\n<p>En este sentido, Espinoza dijo que <em>\u201cen el transcurso de esta investigaci\u00f3n abr\u00ed voluntariamente y por un lapso de m\u00e1s de doce a\u00f1os mis cuentas bancarias, lo que fue y permiti\u00f3 ir desacreditando paso a paso las injuriosas acusaciones del se\u00f1or Marco Vel\u00e1squez. En la audiencia final del d\u00eda de ayer, no s\u00e9 si por negligencia de parte del se\u00f1or Vel\u00e1squez o por su propia cobard\u00eda, ni siquiera se dign\u00f3 a comparecer ante la justicia. No hubo una sola excusa por su ausencia, lo que fue criticado incluso por el propio magistrado Orellana en el fallo definitivo que dict\u00f3 el d\u00eda de ayer\u201d.<\/em><\/p>\n\n\n\n<p>Finalmente, el senador socialista cuestion\u00f3 el desperdicio de recursos en una causa sin argumentos. <em>\u201c\u00bfCu\u00e1nto dinero gast\u00f3 la Fiscal\u00eda en una investigaci\u00f3n propiciada por acusaciones falsas durante seis a\u00f1os y medio? \u00bfCu\u00e1nto tiempo hizo perder el se\u00f1or Vel\u00e1squez a las polic\u00edas, al Servel, a los entes investigativos? Tengo el orgullo de decir p\u00fablicamente, ante toda la comunidad, que pese a que esta causa la ten\u00eda abierta, hice lo que ning\u00fan otro pol\u00edtico har\u00eda teniendo una causa abierta ante la justicia, denunciar la corrupci\u00f3n sin contemplaciones en el pa\u00eds, en el caso de Fundaciones y en muchos otros, lo cual seguir\u00e9 haciendo durante toda mi vida pol\u00edtica\u201d,<\/em> concluy\u00f3.<\/p>\n","protected":false},"excerpt":{"rendered":"<p>Tras una extensa investigaci\u00f3n, la justicia decidi\u00f3 sobreseer de manera definitiva, la causa en contra del parlamentario por trafico de influencias y negociaci\u00f3n incompatible. Espinoza anunci\u00f3 querellas por \u201clas graves acusaciones propinadas en mi contra por el abogado Marco Vel\u00e1squez, quien me acus\u00f3 de hechos absolutamente falsos e infundados que me significaron ser investigado pr\u00e1cticamente 7 a\u00f1os, por el Ministerio P\u00fablico\u201d, dijo. <\/p>\n","protected":false},"author":1,"featured_media":13892,"comment_status":"closed","ping_status":"closed","sticky":false,"template":"","format":"standard","meta":{"footnotes":""},"categories":[3,6,2483],"tags":[2118,337,273,132,113,247,133,702],"class_list":["post-19010","post","type-post","status-publish","format-standard","has-post-thumbnail","hentry","category-al-dia","category-politica","category-region","tag-semanariolocal","tag-informacion","tag-noticias","tag-osorno","tag-puerto-montt","tag-region-de-los-lagos","tag-semanario-local","tag-senador-fidel-espinoza"],"_links":{"self":[{"href":"https:\/\/www.semanariolocal.cl\/index.php?rest_route=\/wp\/v2\/posts\/19010","targetHints":{"allow":["GET"]}}],"collection":[{"href":"https:\/\/www.semanariolocal.cl\/index.php?rest_route=\/wp\/v2\/posts"}],"about":[{"href":"https:\/\/www.semanariolocal.cl\/index.php?rest_route=\/wp\/v2\/types\/post"}],"author":[{"embeddable":true,"href":"https:\/\/www.semanariolocal.cl\/index.php?rest_route=\/wp\/v2\/users\/1"}],"replies":[{"embeddable":true,"href":"https:\/\/www.semanariolocal.cl\/index.php?rest_route=%2Fwp%2Fv2%2Fcomments&post=19010"}],"version-history":[{"count":1,"href":"https:\/\/www.semanariolocal.cl\/index.php?rest_route=\/wp\/v2\/posts\/19010\/revisions"}],"predecessor-version":[{"id":19011,"href":"https:\/\/www.semanariolocal.cl\/index.php?rest_route=\/wp\/v2\/posts\/19010\/revisions\/19011"}],"wp:featuredmedia":[{"embeddable":true,"href":"https:\/\/www.semanariolocal.cl\/index.php?rest_route=\/wp\/v2\/media\/13892"}],"wp:attachment":[{"href":"https:\/\/www.semanariolocal.cl\/index.php?rest_route=%2Fwp%2Fv2%2Fmedia&parent=19010"}],"wp:term":[{"taxonomy":"category","embeddable":true,"href":"https:\/\/www.semanariolocal.cl\/index.php?rest_route=%2Fwp%2Fv2%2Fcategories&post=19010"},{"taxonomy":"post_tag","embeddable":true,"href":"https:\/\/www.semanariolocal.cl\/index.php?rest_route=%2Fwp%2Fv2%2Ftags&post=19010"}],"curies":[{"name":"wp","href":"https:\/\/api.w.org\/{rel}","templated":true}]}}