{"id":19000,"date":"2024-01-03T22:44:40","date_gmt":"2024-01-04T01:44:40","guid":{"rendered":"https:\/\/www.semanariolocal.cl\/?p=19000"},"modified":"2024-01-03T22:44:42","modified_gmt":"2024-01-04T01:44:42","slug":"mas-alla-del-factor-estadistico-economia-da-signos-de-mayor-estabilidad","status":"publish","type":"post","link":"https:\/\/www.semanariolocal.cl\/?p=19000","title":{"rendered":"M\u00e1s all\u00e1 del factor estad\u00edstico, Econom\u00eda da signos de mayor estabilidad"},"content":{"rendered":"\n<p>En efecto, los principales sectores se han ido alineando en los \u00faltimos meses hacia variaciones moderadas, ya sea positivas o negativas, dejando atr\u00e1s el fuerte ciclo contractivo que afect\u00f3 a la mayor parte de las actividades en los trimestres previos.<\/p>\n\n\n\n<p>El sector m\u00e1s expansivo en noviembre volvi\u00f3 a ser la industria manufacturera, que ratific\u00f3 los niveles de crecimiento por sobre el 6% que ya hab\u00edan sorprendido en octubre, si bien su impulso se debe en gran parte a una baj\u00edsimas bases de comparaci\u00f3n y al mayor crecimiento de la producci\u00f3n de celulosa, que hab\u00eda enfrentado recortes programados de producci\u00f3n en 2022.<\/p>\n\n\n\n<p>Las cifras sugieren que este sector habr\u00eda repetido su buen desempe\u00f1o en diciembre, pero que a partir de enero de este a\u00f1o normalizar\u00e1 su evoluci\u00f3n hacia tasas bastante m\u00e1s moderadas.<\/p>\n\n\n\n<p>Por el lado del consumo, los servicios continuaron sumando a la actividad, al crecer 1,2% anual y acumular en el a\u00f1o un alza de igual magnitud.<\/p>\n\n\n\n<p>El comercio, en tanto, contrarrest\u00f3 parte de estos resultados al descender 1,4% anual, completando 19 meses con cifras en rojo, aunque con una clara tendencia a reducir sus tasas de contracci\u00f3n. El componente minorista, incidido por las menores ventas de supermercados, almacenes especializados de vestuario y grandes tiendas, junto al segmento automotor, explicaron gran parte del bajo desempe\u00f1o en noviembre. As\u00ed, el sector del comercio acumul\u00f3 una baja de 3,4% faltando un mes para el cierre anual.<\/p>\n\n\n\n<p>Para diciembre se estima que la econom\u00eda alcanz\u00f3 un crecimiento en torno al 1%, con lo que se ratificar\u00eda una variaci\u00f3n nula del PIB en 2023.<\/p>\n\n\n\n<figure class=\"wp-block-image size-full\"><img loading=\"lazy\" decoding=\"async\" width=\"1000\" height=\"410\" src=\"https:\/\/www.semanariolocal.cl\/wp-content\/uploads\/2024\/01\/ima01.jpg\" alt=\"\" class=\"wp-image-19001\" srcset=\"https:\/\/www.semanariolocal.cl\/wp-content\/uploads\/2024\/01\/ima01.jpg 1000w, https:\/\/www.semanariolocal.cl\/wp-content\/uploads\/2024\/01\/ima01-300x123.jpg 300w, https:\/\/www.semanariolocal.cl\/wp-content\/uploads\/2024\/01\/ima01-768x315.jpg 768w\" sizes=\"auto, (max-width: 1000px) 100vw, 1000px\" \/><\/figure>\n\n\n\n<figure class=\"wp-block-image size-large is-resized\"><img loading=\"lazy\" decoding=\"async\" width=\"984\" height=\"600\" src=\"https:\/\/www.semanariolocal.cl\/wp-content\/uploads\/2024\/01\/ima02-984x600.jpg\" alt=\"\" class=\"wp-image-19002\" style=\"width:870px;height:auto\" srcset=\"https:\/\/www.semanariolocal.cl\/wp-content\/uploads\/2024\/01\/ima02-984x600.jpg 984w, https:\/\/www.semanariolocal.cl\/wp-content\/uploads\/2024\/01\/ima02-300x183.jpg 300w, https:\/\/www.semanariolocal.cl\/wp-content\/uploads\/2024\/01\/ima02-768x468.jpg 768w, https:\/\/www.semanariolocal.cl\/wp-content\/uploads\/2024\/01\/ima02.jpg 1000w\" sizes=\"auto, (max-width: 984px) 100vw, 984px\" \/><\/figure>\n\n\n\n<figure class=\"wp-block-image size-large\"><img loading=\"lazy\" decoding=\"async\" width=\"984\" height=\"600\" src=\"https:\/\/www.semanariolocal.cl\/wp-content\/uploads\/2024\/01\/ima03-984x600.jpg\" alt=\"\" class=\"wp-image-19003\" srcset=\"https:\/\/www.semanariolocal.cl\/wp-content\/uploads\/2024\/01\/ima03-984x600.jpg 984w, https:\/\/www.semanariolocal.cl\/wp-content\/uploads\/2024\/01\/ima03-300x183.jpg 300w, https:\/\/www.semanariolocal.cl\/wp-content\/uploads\/2024\/01\/ima03-768x468.jpg 768w, https:\/\/www.semanariolocal.cl\/wp-content\/uploads\/2024\/01\/ima03.jpg 1000w\" sizes=\"auto, (max-width: 984px) 100vw, 984px\" \/><\/figure>\n\n\n\n<figure class=\"wp-block-image size-large is-resized\"><img loading=\"lazy\" decoding=\"async\" width=\"984\" height=\"600\" src=\"https:\/\/www.semanariolocal.cl\/wp-content\/uploads\/2024\/01\/ima04-984x600.jpg\" alt=\"\" class=\"wp-image-19004\" style=\"width:870px;height:auto\" srcset=\"https:\/\/www.semanariolocal.cl\/wp-content\/uploads\/2024\/01\/ima04-984x600.jpg 984w, https:\/\/www.semanariolocal.cl\/wp-content\/uploads\/2024\/01\/ima04-300x183.jpg 300w, https:\/\/www.semanariolocal.cl\/wp-content\/uploads\/2024\/01\/ima04-768x468.jpg 768w, https:\/\/www.semanariolocal.cl\/wp-content\/uploads\/2024\/01\/ima04.jpg 1000w\" sizes=\"auto, (max-width: 984px) 100vw, 984px\" \/><\/figure>\n\n\n\n<figure class=\"wp-block-image size-large is-resized\"><img loading=\"lazy\" decoding=\"async\" width=\"984\" height=\"600\" src=\"https:\/\/www.semanariolocal.cl\/wp-content\/uploads\/2024\/01\/ima05-984x600.jpg\" alt=\"\" class=\"wp-image-19005\" style=\"width:870px;height:auto\" srcset=\"https:\/\/www.semanariolocal.cl\/wp-content\/uploads\/2024\/01\/ima05-984x600.jpg 984w, https:\/\/www.semanariolocal.cl\/wp-content\/uploads\/2024\/01\/ima05-300x183.jpg 300w, https:\/\/www.semanariolocal.cl\/wp-content\/uploads\/2024\/01\/ima05-768x468.jpg 768w, https:\/\/www.semanariolocal.cl\/wp-content\/uploads\/2024\/01\/ima05.jpg 1000w\" sizes=\"auto, (max-width: 984px) 100vw, 984px\" \/><\/figure>\n\n\n\n<figure class=\"wp-block-image size-large\"><img loading=\"lazy\" decoding=\"async\" width=\"984\" height=\"600\" src=\"https:\/\/www.semanariolocal.cl\/wp-content\/uploads\/2024\/01\/ima06-984x600.jpg\" alt=\"\" class=\"wp-image-19006\" srcset=\"https:\/\/www.semanariolocal.cl\/wp-content\/uploads\/2024\/01\/ima06-984x600.jpg 984w, https:\/\/www.semanariolocal.cl\/wp-content\/uploads\/2024\/01\/ima06-300x183.jpg 300w, https:\/\/www.semanariolocal.cl\/wp-content\/uploads\/2024\/01\/ima06-768x468.jpg 768w, https:\/\/www.semanariolocal.cl\/wp-content\/uploads\/2024\/01\/ima06.jpg 1000w\" sizes=\"auto, (max-width: 984px) 100vw, 984px\" \/><\/figure>\n\n\n\n<figure class=\"wp-block-image size-large\"><img loading=\"lazy\" decoding=\"async\" width=\"984\" height=\"600\" src=\"https:\/\/www.semanariolocal.cl\/wp-content\/uploads\/2024\/01\/ima07-984x600.jpg\" alt=\"\" class=\"wp-image-19007\" srcset=\"https:\/\/www.semanariolocal.cl\/wp-content\/uploads\/2024\/01\/ima07-984x600.jpg 984w, https:\/\/www.semanariolocal.cl\/wp-content\/uploads\/2024\/01\/ima07-300x183.jpg 300w, https:\/\/www.semanariolocal.cl\/wp-content\/uploads\/2024\/01\/ima07-768x468.jpg 768w, https:\/\/www.semanariolocal.cl\/wp-content\/uploads\/2024\/01\/ima07.jpg 1000w\" sizes=\"auto, (max-width: 984px) 100vw, 984px\" \/><\/figure>\n","protected":false},"excerpt":{"rendered":"<p>La actividad econ\u00f3mica alcanz\u00f3 un crecimiento mayor al esperado en noviembre (1,2% en 12 meses), favorecida por bajas bases de comparaci\u00f3n y factores puntuales en la producci\u00f3n industrial, insinuando, m\u00e1s all\u00e1 de ello, s\u00edntomas de una mayor estabilidad.<\/p>\n","protected":false},"author":1,"featured_media":16213,"comment_status":"closed","ping_status":"closed","sticky":false,"template":"","format":"standard","meta":{"footnotes":""},"categories":[3,12,2496,6,2483],"tags":[2118,366,1299,337,273,132,247,133],"class_list":["post-19000","post","type-post","status-publish","format-standard","has-post-thumbnail","hentry","category-al-dia","category-economia","category-nacional","category-politica","category-region","tag-semanariolocal","tag-economia","tag-imacec","tag-informacion","tag-noticias","tag-osorno","tag-region-de-los-lagos","tag-semanario-local"],"_links":{"self":[{"href":"https:\/\/www.semanariolocal.cl\/index.php?rest_route=\/wp\/v2\/posts\/19000","targetHints":{"allow":["GET"]}}],"collection":[{"href":"https:\/\/www.semanariolocal.cl\/index.php?rest_route=\/wp\/v2\/posts"}],"about":[{"href":"https:\/\/www.semanariolocal.cl\/index.php?rest_route=\/wp\/v2\/types\/post"}],"author":[{"embeddable":true,"href":"https:\/\/www.semanariolocal.cl\/index.php?rest_route=\/wp\/v2\/users\/1"}],"replies":[{"embeddable":true,"href":"https:\/\/www.semanariolocal.cl\/index.php?rest_route=%2Fwp%2Fv2%2Fcomments&post=19000"}],"version-history":[{"count":1,"href":"https:\/\/www.semanariolocal.cl\/index.php?rest_route=\/wp\/v2\/posts\/19000\/revisions"}],"predecessor-version":[{"id":19008,"href":"https:\/\/www.semanariolocal.cl\/index.php?rest_route=\/wp\/v2\/posts\/19000\/revisions\/19008"}],"wp:featuredmedia":[{"embeddable":true,"href":"https:\/\/www.semanariolocal.cl\/index.php?rest_route=\/wp\/v2\/media\/16213"}],"wp:attachment":[{"href":"https:\/\/www.semanariolocal.cl\/index.php?rest_route=%2Fwp%2Fv2%2Fmedia&parent=19000"}],"wp:term":[{"taxonomy":"category","embeddable":true,"href":"https:\/\/www.semanariolocal.cl\/index.php?rest_route=%2Fwp%2Fv2%2Fcategories&post=19000"},{"taxonomy":"post_tag","embeddable":true,"href":"https:\/\/www.semanariolocal.cl\/index.php?rest_route=%2Fwp%2Fv2%2Ftags&post=19000"}],"curies":[{"name":"wp","href":"https:\/\/api.w.org\/{rel}","templated":true}]}}