{"id":18997,"date":"2024-01-03T22:26:11","date_gmt":"2024-01-04T01:26:11","guid":{"rendered":"https:\/\/www.semanariolocal.cl\/?p=18997"},"modified":"2024-01-03T22:26:12","modified_gmt":"2024-01-04T01:26:12","slug":"diputado-barria-resultados-paes-ponen-en-evidencia-las-brechas-en-la-educacion","status":"publish","type":"post","link":"https:\/\/www.semanariolocal.cl\/?p=18997","title":{"rendered":"Diputado Barr\u00eda: \u00abResultados PAES ponen en evidencia las brechas en la educaci\u00f3n\u00bb"},"content":{"rendered":"\n<p>El Diputado de la Rep\u00fablica, expres\u00f3 su preocupaci\u00f3n respecto a las desigualdades que persisten en el sistema educativo.&nbsp;<strong><em>\u00abLos resultados de la PAES ponen en evidencia las brechas en la educaci\u00f3n\u00bb,<\/em><\/strong>&nbsp;afirm\u00f3 Barr\u00eda, subrayando la necesidad urgente de abordar estos problemas para garantizar igualdad de oportunidades a todos los estudiantes.<\/p>\n\n\n\n<p>La atenci\u00f3n del diputado se centra en cuestiones cruciales que han sido objeto de debates intensos. Barr\u00eda ha sido un defensor activo de la reinserci\u00f3n escolar y ha levantado la voz sobre el aumento de la deserci\u00f3n, una problem\u00e1tica que se agrav\u00f3 durante la pandemia. Aunque se han implementado medidas para abordar la reinserci\u00f3n, el legislador sostiene que a\u00fan no son suficientes.<\/p>\n\n\n\n<p><strong><em>\u00abHemos hecho algunos avances en materia de reinserci\u00f3n escolar, pero la realidad es que no es suficiente. Debemos abordar esta situaci\u00f3n con mayor energ\u00eda y compromiso\u00bb,<\/em><\/strong>&nbsp;inst\u00f3 el diputado.<\/p>\n\n\n\n<p>En particular, Barr\u00eda llam\u00f3 la atenci\u00f3n sobre la situaci\u00f3n en la Regi\u00f3n de los Lagos, destacando el capital humano y la preparaci\u00f3n de los profesores asistentes de la educaci\u00f3n en la zona. Sin embargo, hizo hincapi\u00e9 en la necesidad de brindar un mayor apoyo a esta regi\u00f3n para garantizar que los estudiantes se sientan respaldados y tengan acceso a informaci\u00f3n crucial para su futuro educativo.<\/p>\n\n\n\n<p><strong><em>\u00abEs esencial que la Regi\u00f3n de los Lagos, con su valioso capital humano, se sienta respaldada. Invito a reflexionar sobre nuestro modelo educativo y a tomar medidas para abordar las carencias que est\u00e1n surgiendo\u00bb,<\/em><\/strong>&nbsp;declar\u00f3 Barr\u00eda.<\/p>\n\n\n\n<p>El diputado tambi\u00e9n hizo un llamado a apoyar a las instituciones educativas superiores, centros de formaci\u00f3n t\u00e9cnica, colegios y liceos. Pidi\u00f3 que se brinde apoyo activo durante los procesos de postulaci\u00f3n, destacando la importancia de proporcionar informaci\u00f3n clara y opciones alternativas para garantizar que un amplio n\u00famero de estudiantes no quede desorientado.<\/p>\n","protected":false},"excerpt":{"rendered":"<p>En el inicio del nuevo a\u00f1o, el pa\u00eds celebra los logros de j\u00f3venes destacados que obtuvieron excelentes resultados en la Prueba de Acceso a la Educaci\u00f3n Superior (PAES). Estos estudiantes, hombres y mujeres, ahora tienen la oportunidad de postular a las carreras de su elecci\u00f3n, abriendo puertas hacia un futuro acad\u00e9mico prometedor. Sin embargo, estas celebraciones se ven empa\u00f1adas por la persistencia de brechas educativas que el Diputado Barr\u00eda destaca como un llamado de atenci\u00f3n. <\/p>\n","protected":false},"author":1,"featured_media":18998,"comment_status":"closed","ping_status":"closed","sticky":false,"template":"","format":"standard","meta":{"footnotes":""},"categories":[3,11,9,2496,6],"tags":[2118,77,337,273,132,247,133],"class_list":["post-18997","post","type-post","status-publish","format-standard","has-post-thumbnail","hentry","category-al-dia","category-educacion","category-gobierno","category-nacional","category-politica","tag-semanariolocal","tag-educacion","tag-informacion","tag-noticias","tag-osorno","tag-region-de-los-lagos","tag-semanario-local"],"_links":{"self":[{"href":"https:\/\/www.semanariolocal.cl\/index.php?rest_route=\/wp\/v2\/posts\/18997","targetHints":{"allow":["GET"]}}],"collection":[{"href":"https:\/\/www.semanariolocal.cl\/index.php?rest_route=\/wp\/v2\/posts"}],"about":[{"href":"https:\/\/www.semanariolocal.cl\/index.php?rest_route=\/wp\/v2\/types\/post"}],"author":[{"embeddable":true,"href":"https:\/\/www.semanariolocal.cl\/index.php?rest_route=\/wp\/v2\/users\/1"}],"replies":[{"embeddable":true,"href":"https:\/\/www.semanariolocal.cl\/index.php?rest_route=%2Fwp%2Fv2%2Fcomments&post=18997"}],"version-history":[{"count":1,"href":"https:\/\/www.semanariolocal.cl\/index.php?rest_route=\/wp\/v2\/posts\/18997\/revisions"}],"predecessor-version":[{"id":18999,"href":"https:\/\/www.semanariolocal.cl\/index.php?rest_route=\/wp\/v2\/posts\/18997\/revisions\/18999"}],"wp:featuredmedia":[{"embeddable":true,"href":"https:\/\/www.semanariolocal.cl\/index.php?rest_route=\/wp\/v2\/media\/18998"}],"wp:attachment":[{"href":"https:\/\/www.semanariolocal.cl\/index.php?rest_route=%2Fwp%2Fv2%2Fmedia&parent=18997"}],"wp:term":[{"taxonomy":"category","embeddable":true,"href":"https:\/\/www.semanariolocal.cl\/index.php?rest_route=%2Fwp%2Fv2%2Fcategories&post=18997"},{"taxonomy":"post_tag","embeddable":true,"href":"https:\/\/www.semanariolocal.cl\/index.php?rest_route=%2Fwp%2Fv2%2Ftags&post=18997"}],"curies":[{"name":"wp","href":"https:\/\/api.w.org\/{rel}","templated":true}]}}