{"id":18931,"date":"2023-12-31T08:50:00","date_gmt":"2023-12-31T11:50:00","guid":{"rendered":"https:\/\/www.semanariolocal.cl\/?p=18931"},"modified":"2023-12-30T19:40:18","modified_gmt":"2023-12-30T22:40:18","slug":"ley-sobre-conciliacion-hacia-una-corresponsabilidad-social-del-cuidado","status":"publish","type":"post","link":"https:\/\/www.semanariolocal.cl\/?p=18931","title":{"rendered":"Ley sobre conciliaci\u00f3n  hacia una corresponsabilidad social del cuidado"},"content":{"rendered":"\n<p>Hace unos d\u00edas el Senado aprob\u00f3 el proyecto de ley sobre conciliaci\u00f3n entre la vida familiar, laboral y personal, el que sigue su tramitaci\u00f3n en la C\u00e1mara de Diputados. Conciliar los diversos \u00e1mbitos de la vida ha sido una preocupaci\u00f3n constante en los \u00faltimos a\u00f1os, no solamente debido a la participaci\u00f3n laboral femenina, sino tambi\u00e9n como un asunto de primera urgencia para facilitar la provisi\u00f3n de cuidados, el que requiere a todas luces de un reconocimiento estatal.<\/p>\n\n\n\n<p>Con la ley sobre conciliaci\u00f3n entre la vida familiar, laboral y personal, se da un paso hacia la corresponsabilidad social del cuidado, comprendiendo que no solamente la familia, el mercado y la comunidad deben proporcionar condiciones adecuadas para la labor de cuidados, sino tambi\u00e9n el Estado. Se le reconoce as\u00ed la responsabilidad de articular las condiciones para promover el cuidado, entre ellas, proponiendo leyes que actualicen el corpus jur\u00eddico para una mejor provisi\u00f3n de cuidados.<\/p>\n\n\n\n<p>Por otra parte, en la medida que esta ley posibilita el teletrabajo tanto a trabajadoras como trabajadores, se avanzar\u00e1 en t\u00e9rminos de corresponsabilidad familiar, de la cual se entiende que tanto mujeres y varones son corresponsables de las tareas de cuidado. As\u00ed, con esta normativa se producir\u00e1 un avance en t\u00e9rminos de justicia e igualdad, ya que permitir\u00e1 que las tareas dom\u00e9sticas y de cuidado se redistribuyan de manera m\u00e1s equitativa entre hombres y mujeres. Por otra parte, los desarrollos legislativos contribuyen a modificar los sistemas de creencias, y en la medida que se cambie lo que se cree, es m\u00e1s probable que se cambie lo que se hace.<\/p>\n\n\n\n<p>Si bien la ley representa un avance, es clave una transformaci\u00f3n cultural en la cual la sociedad reconozca la participaci\u00f3n de todas y todos los integrantes de la familia en la realizaci\u00f3n de las tareas dom\u00e9sticas y de cuidado, necesaria para lograr un pa\u00eds m\u00e1s justo e igualitario, que refleje no solamente los valores de la sociedad del presente siglo, sino que adem\u00e1s considere su sustentabilidad.<\/p>\n\n\n\n<p><strong>Dra. Sandra Leiva<\/strong>. <strong>Investigadora del Centro CIELO e integrante del proyecto FDI UST22102 sobre Transversalizaci\u00f3n del Enfoque de G\u00e9nero en la Universidad Santo Tom\u00e1<\/strong>s<\/p>\n","protected":false},"excerpt":{"rendered":"<p>Con la ley sobre conciliaci\u00f3n entre la vida familiar, laboral y personal, se da un paso hacia la corresponsabilidad social del cuidado<\/p>\n","protected":false},"author":1,"featured_media":18932,"comment_status":"closed","ping_status":"closed","sticky":false,"template":"","format":"standard","meta":{"footnotes":""},"categories":[3,7,2484],"tags":[2118,77,337,273,132,247,133],"class_list":["post-18931","post","type-post","status-publish","format-standard","has-post-thumbnail","hentry","category-al-dia","category-opinion","category-salud","tag-semanariolocal","tag-educacion","tag-informacion","tag-noticias","tag-osorno","tag-region-de-los-lagos","tag-semanario-local"],"_links":{"self":[{"href":"https:\/\/www.semanariolocal.cl\/index.php?rest_route=\/wp\/v2\/posts\/18931","targetHints":{"allow":["GET"]}}],"collection":[{"href":"https:\/\/www.semanariolocal.cl\/index.php?rest_route=\/wp\/v2\/posts"}],"about":[{"href":"https:\/\/www.semanariolocal.cl\/index.php?rest_route=\/wp\/v2\/types\/post"}],"author":[{"embeddable":true,"href":"https:\/\/www.semanariolocal.cl\/index.php?rest_route=\/wp\/v2\/users\/1"}],"replies":[{"embeddable":true,"href":"https:\/\/www.semanariolocal.cl\/index.php?rest_route=%2Fwp%2Fv2%2Fcomments&post=18931"}],"version-history":[{"count":2,"href":"https:\/\/www.semanariolocal.cl\/index.php?rest_route=\/wp\/v2\/posts\/18931\/revisions"}],"predecessor-version":[{"id":18934,"href":"https:\/\/www.semanariolocal.cl\/index.php?rest_route=\/wp\/v2\/posts\/18931\/revisions\/18934"}],"wp:featuredmedia":[{"embeddable":true,"href":"https:\/\/www.semanariolocal.cl\/index.php?rest_route=\/wp\/v2\/media\/18932"}],"wp:attachment":[{"href":"https:\/\/www.semanariolocal.cl\/index.php?rest_route=%2Fwp%2Fv2%2Fmedia&parent=18931"}],"wp:term":[{"taxonomy":"category","embeddable":true,"href":"https:\/\/www.semanariolocal.cl\/index.php?rest_route=%2Fwp%2Fv2%2Fcategories&post=18931"},{"taxonomy":"post_tag","embeddable":true,"href":"https:\/\/www.semanariolocal.cl\/index.php?rest_route=%2Fwp%2Fv2%2Ftags&post=18931"}],"curies":[{"name":"wp","href":"https:\/\/api.w.org\/{rel}","templated":true}]}}