{"id":18925,"date":"2023-12-31T08:15:00","date_gmt":"2023-12-31T11:15:00","guid":{"rendered":"https:\/\/www.semanariolocal.cl\/?p=18925"},"modified":"2023-12-30T12:45:26","modified_gmt":"2023-12-30T15:45:26","slug":"perdida-de-suelo-un-problema-tan-o-mas-importante-que-el-cambio-climatico","status":"publish","type":"post","link":"https:\/\/www.semanariolocal.cl\/?p=18925","title":{"rendered":"P\u00e9rdida de suelo: un problema tan o m\u00e1s importante que el cambio clim\u00e1tico"},"content":{"rendered":"\n<p>Asimismo, el suelo es uno de los mayores dep\u00f3sitos de CO2 en el mundo, particularmente aquellos australes en ecosistemas como las turberas y los bosques templados lluviosos. Sin embargo, es un recurso finito, ya que formar 1 cent\u00edmetro de suelo tarda entre 100 a\u00f1os hasta milenios, lo que es preocupante ya que la mayor\u00eda de los suelos del planeta presentan problemas como erosi\u00f3n, salinidad, contaminaci\u00f3n, deforestaci\u00f3n, cambio de uso, entre otros. Su p\u00e9rdida es un problema que contribuye y es tan o m\u00e1s importante que el cambio clim\u00e1tico, y por lo mismo, todos debi\u00e9ramos estar alarmados por ello.<\/p>\n\n\n\n<p>Por otro lado, la ciencia ha demostrado que no necesariamente los lugares m\u00e1s diversos sobre el suelo coinciden con aquellos que tienen mayor diversidad bajo el suelo. Si ya de por s\u00ed los animales y las plantas son escasamente protegidos, los microorganismos diminutos mucho menos. A escala global, m\u00e1s del 70% de los sitios con una alta diversidad de estos microorganismos, no est\u00e1n protegidos de ninguna forma.<\/p>\n\n\n\n<p>El planeta y la humanidad enfrentan grandes riesgos al no entender ni proteger esta biodiversidad subterr\u00e1nea. En Chile, la mayor\u00eda de tipos de organismos del suelo y sus funciones han sido estudiados solo en cuatro regiones del centro y centro-sur del pa\u00eds.&nbsp; Es hora de tomarnos en serio al suelo, investigarlo, proteger su biodiversidad, e implementar su manejo sustentable, todo esto acompa\u00f1ado de pol\u00edticas p\u00fablicas que incentiven el cuidado de la naturaleza.<\/p>\n\n\n\n<p><strong>Dr. C\u00e9sar Mar\u00edn<\/strong> &#8211; <strong>Profesor Titular<\/strong> &#8211; <strong>Centro de Investigaci\u00f3n e Innovaci\u00f3n para el Cambio Clim\u00e1tico (CIICC) UST<\/strong><\/p>\n","protected":false},"excerpt":{"rendered":"<p>El suelo es el sustento de la vida en el planeta, ya que el 95% de los alimentos que consumimos provienen de \u00e9l.\u00a0 A escala global, los organismos que lo habitan, como hongos y bacterias, regulan los ciclos de nutrientes como el carbono, regulando el clima del planeta. <\/p>\n","protected":false},"author":1,"featured_media":18926,"comment_status":"closed","ping_status":"closed","sticky":false,"template":"","format":"standard","meta":{"footnotes":""},"categories":[20,3,7],"tags":[2118,2632,77,337,273,132,247,133],"class_list":["post-18925","post","type-post","status-publish","format-standard","has-post-thumbnail","hentry","category-agro","category-al-dia","category-opinion","tag-semanariolocal","tag-dr-cesar-marin","tag-educacion","tag-informacion","tag-noticias","tag-osorno","tag-region-de-los-lagos","tag-semanario-local"],"_links":{"self":[{"href":"https:\/\/www.semanariolocal.cl\/index.php?rest_route=\/wp\/v2\/posts\/18925","targetHints":{"allow":["GET"]}}],"collection":[{"href":"https:\/\/www.semanariolocal.cl\/index.php?rest_route=\/wp\/v2\/posts"}],"about":[{"href":"https:\/\/www.semanariolocal.cl\/index.php?rest_route=\/wp\/v2\/types\/post"}],"author":[{"embeddable":true,"href":"https:\/\/www.semanariolocal.cl\/index.php?rest_route=\/wp\/v2\/users\/1"}],"replies":[{"embeddable":true,"href":"https:\/\/www.semanariolocal.cl\/index.php?rest_route=%2Fwp%2Fv2%2Fcomments&post=18925"}],"version-history":[{"count":1,"href":"https:\/\/www.semanariolocal.cl\/index.php?rest_route=\/wp\/v2\/posts\/18925\/revisions"}],"predecessor-version":[{"id":18927,"href":"https:\/\/www.semanariolocal.cl\/index.php?rest_route=\/wp\/v2\/posts\/18925\/revisions\/18927"}],"wp:featuredmedia":[{"embeddable":true,"href":"https:\/\/www.semanariolocal.cl\/index.php?rest_route=\/wp\/v2\/media\/18926"}],"wp:attachment":[{"href":"https:\/\/www.semanariolocal.cl\/index.php?rest_route=%2Fwp%2Fv2%2Fmedia&parent=18925"}],"wp:term":[{"taxonomy":"category","embeddable":true,"href":"https:\/\/www.semanariolocal.cl\/index.php?rest_route=%2Fwp%2Fv2%2Fcategories&post=18925"},{"taxonomy":"post_tag","embeddable":true,"href":"https:\/\/www.semanariolocal.cl\/index.php?rest_route=%2Fwp%2Fv2%2Ftags&post=18925"}],"curies":[{"name":"wp","href":"https:\/\/api.w.org\/{rel}","templated":true}]}}