{"id":18887,"date":"2023-12-29T13:34:19","date_gmt":"2023-12-29T16:34:19","guid":{"rendered":"https:\/\/www.semanariolocal.cl\/?p=18887"},"modified":"2023-12-29T13:34:20","modified_gmt":"2023-12-29T16:34:20","slug":"diputado-barria-reflexiona-sobre-el-2023-y-plantea-desafios-para-el-futuro","status":"publish","type":"post","link":"https:\/\/www.semanariolocal.cl\/?p=18887","title":{"rendered":"Diputado Barr\u00eda reflexiona sobre el 2023 y plantea desaf\u00edos para el futuro."},"content":{"rendered":"\n<p>En un emotivo mensaje, el diputado expres\u00f3 su agradecimiento a la comunidad que le brind\u00f3 su apoyo durante momentos dif\u00edciles de salud, destacando la solidaridad de los habitantes de la regi\u00f3n.&nbsp;<strong><em>\u00abQuiero agradecer a la comunidad que manifest\u00f3 su cari\u00f1o en \u00e9pocas en las que estuvimos muy complicados de salud, pero gracias al apoyo de la gente, de los amigos de nuestra Regi\u00f3n, pudimos salir adelante Dios mediante\u00bb,<\/em><\/strong>&nbsp;afirm\u00f3 el legislador.<\/p>\n\n\n\n<p>El parlamentario tambi\u00e9n hizo referencia al trabajo conjunto del equipo parlamentario, resaltando el fortalecimiento del despliegue en terreno. Este esfuerzo se reflej\u00f3 en la cuenta p\u00fablica, la cual atrajo una alta asistencia y permiti\u00f3 dar a conocer la gesti\u00f3n parlamentaria y el trabajo directo con la ciudadan\u00eda.<\/p>\n\n\n\n<p>No obstante, el diputado Barr\u00eda comparti\u00f3 su preocupaci\u00f3n respecto al aumento de la desconfianza de la ciudadan\u00eda en la pol\u00edtica. Al respecto, mencion\u00f3 el caso de convenios y otras situaciones que, aunque no est\u00e1n bajo su control, afectan la percepci\u00f3n general hacia los representantes pol\u00edticos.&nbsp;<strong><em>\u00abPagamos justos por pecadores\u00bb,<\/em><\/strong>&nbsp;lament\u00f3 el legislador.<\/p>\n\n\n\n<p>En cuanto a la gesti\u00f3n del gobierno, Barr\u00eda expres\u00f3 su perspectiva cr\u00edtica. Se\u00f1al\u00f3 que, a pesar de las declaraciones, el rumbo del gobierno a\u00fan no se ha consolidado, con excepciones en \u00e1reas como vivienda y obras p\u00fablicas.&nbsp;<strong><em>\u00abEn lo concreto, salvo algunas excepciones en materia de vivienda de Obras P\u00fablicas que han tenido una fortaleza en esa materia\u00bb<\/em><\/strong>, coment\u00f3.<\/p>\n\n\n\n<p>Finalmente, el diputado Barr\u00eda concluy\u00f3 su intervenci\u00f3n con una mirada al futuro.&nbsp;<strong><em>\u00abEn general vemos que hay situaciones que a\u00fan est\u00e1n al debe y esperamos que el pr\u00f3ximo a\u00f1o, el 2024, las cosas mejoren por el bien de la gente\u00bb,<\/em><\/strong>&nbsp;expres\u00f3, dejando entrever los desaf\u00edos que espera abordar en el pr\u00f3ximo periodo legislativo.<\/p>\n","protected":false},"excerpt":{"rendered":"<p>En el marco del cierre de a\u00f1o como representante de la ciudadan\u00eda en la C\u00e1mara de Diputados, el diputado Barr\u00eda comparti\u00f3 sus reflexiones sobre el a\u00f1o que concluye y abord\u00f3 diversos temas de relevancia nacional.<\/p>\n","protected":false},"author":1,"featured_media":18888,"comment_status":"closed","ping_status":"closed","sticky":false,"template":"","format":"standard","meta":{"footnotes":""},"categories":[3,6,2483],"tags":[2118,1732,337,273,132,247,133],"class_list":["post-18887","post","type-post","status-publish","format-standard","has-post-thumbnail","hentry","category-al-dia","category-politica","category-region","tag-semanariolocal","tag-diputado-hector-barria","tag-informacion","tag-noticias","tag-osorno","tag-region-de-los-lagos","tag-semanario-local"],"_links":{"self":[{"href":"https:\/\/www.semanariolocal.cl\/index.php?rest_route=\/wp\/v2\/posts\/18887","targetHints":{"allow":["GET"]}}],"collection":[{"href":"https:\/\/www.semanariolocal.cl\/index.php?rest_route=\/wp\/v2\/posts"}],"about":[{"href":"https:\/\/www.semanariolocal.cl\/index.php?rest_route=\/wp\/v2\/types\/post"}],"author":[{"embeddable":true,"href":"https:\/\/www.semanariolocal.cl\/index.php?rest_route=\/wp\/v2\/users\/1"}],"replies":[{"embeddable":true,"href":"https:\/\/www.semanariolocal.cl\/index.php?rest_route=%2Fwp%2Fv2%2Fcomments&post=18887"}],"version-history":[{"count":1,"href":"https:\/\/www.semanariolocal.cl\/index.php?rest_route=\/wp\/v2\/posts\/18887\/revisions"}],"predecessor-version":[{"id":18889,"href":"https:\/\/www.semanariolocal.cl\/index.php?rest_route=\/wp\/v2\/posts\/18887\/revisions\/18889"}],"wp:featuredmedia":[{"embeddable":true,"href":"https:\/\/www.semanariolocal.cl\/index.php?rest_route=\/wp\/v2\/media\/18888"}],"wp:attachment":[{"href":"https:\/\/www.semanariolocal.cl\/index.php?rest_route=%2Fwp%2Fv2%2Fmedia&parent=18887"}],"wp:term":[{"taxonomy":"category","embeddable":true,"href":"https:\/\/www.semanariolocal.cl\/index.php?rest_route=%2Fwp%2Fv2%2Fcategories&post=18887"},{"taxonomy":"post_tag","embeddable":true,"href":"https:\/\/www.semanariolocal.cl\/index.php?rest_route=%2Fwp%2Fv2%2Ftags&post=18887"}],"curies":[{"name":"wp","href":"https:\/\/api.w.org\/{rel}","templated":true}]}}