{"id":1866,"date":"2021-09-09T23:08:42","date_gmt":"2021-09-10T02:08:42","guid":{"rendered":"https:\/\/www.semanariolocal.cl\/?p=1866"},"modified":"2021-09-09T23:08:43","modified_gmt":"2021-09-10T02:08:43","slug":"ust-osorno-y-senda-entregan-informacion-de-autocuidado-y-responsabilidad","status":"publish","type":"post","link":"https:\/\/www.semanariolocal.cl\/?p=1866","title":{"rendered":"UST Osorno y  Senda entregan informaci\u00f3n de autocuidado y responsabilidad"},"content":{"rendered":"\n<figure class=\"wp-block-embed is-type-video is-provider-youtube wp-block-embed-youtube wp-embed-aspect-16-9 wp-has-aspect-ratio\"><div class=\"wp-block-embed__wrapper\">\n<ul class=\"bxslider-vid\"><li><iframe loading=\"lazy\" title=\"Universidad Santo Tom\u00e1s Osorno llama prevenir consumo de drogas y alcohol en Fiestas Patrias\" width=\"1778\" height=\"1000\" src=\"https:\/\/www.youtube.com\/embed\/S9MC9VO9L-U?feature=oembed\" frameborder=\"0\" allow=\"accelerometer; autoplay; clipboard-write; encrypted-media; gyroscope; picture-in-picture\" allowfullscreen><\/iframe><\/li><\/ul>\n<\/div><\/figure>\n\n\n\n<p style=\"font-size:17px\">Un grupo de estudiantes de Santo Tom\u00e1s de Osorno y funcionarios de Senda de la Regi\u00f3n de Los Lagos entregaron esta jornada en el centro de la ciudad de Osorno informaci\u00f3n relacionada con el autocuidado y la responsabilidad, sobre todo considerando la celebraci\u00f3n pr\u00f3xima de Fiestas Patrias.<\/p>\n\n\n\n<p style=\"font-size:17px\">En la oportunidad, la directora de carreras del \u00e1rea de Ciencias Sociales, del IP Santo Tom\u00e1s de Osorno, Claudia Figueroa Carmona, expres\u00f3 que junto a las y los alumnos de las carreras Servicio Social y T\u00e9cnico en Trabajo Social, se entreg\u00f3 informaci\u00f3n a la ciudadan\u00eda con el prop\u00f3sito de potenciar un ambiente tranquilo y seguro durante las pr\u00f3ximas festividades.<\/p>\n\n\n\n<p style=\"font-size:17px\">\u201cComo Instituciones de Educaci\u00f3n Superior Santo Tom\u00e1s siempre hemos estado comprometidos con la comunidad y preocupados en esta oportunidad de la prevenci\u00f3n del consumo de alcohol y drogas especialmente en fechas como Fiestas Patrias, donde tal vez se pueda salir a compartir, pero recalcando siempre la responsabilidad y el autocuidado\u201d.<\/p>\n\n\n\n<p style=\"font-size:17px\">Por su parte, la directora regional de Senda, Andrea Castillo, explic\u00f3 que el objetivo es \u201cpotenciar como agentes preventivos a los estudiantes, agradecemos su compromiso y entusiasmo para reforzar el mensaje de prevenci\u00f3n al autocuidado en esta \u00e9poca\u201d.<\/p>\n\n\n\n<p style=\"font-size:17px\">La directora, adem\u00e1s, en su paso por Osorno, realiz\u00f3 un llamado a los estudiantes a participar del Segundo Estudio de Educaci\u00f3n Superior que se est\u00e1 realizando a nivel nacional.<\/p>\n\n\n\n<p style=\"font-size:17px\">Cabe mencionar que dicho cuestionario forma parte de un estudio de salud conducido por el Servicio Nacional para la Prevenci\u00f3n y Rehabilitaci\u00f3n del Consumo de Drogas y Alcohol (SENDA), y su prop\u00f3sito es obtener informaci\u00f3n confiable que oriente futuras pol\u00edticas p\u00fablicas en estudiantes de educaci\u00f3n superior.<\/p>\n","protected":false},"excerpt":{"rendered":"<p>Un grupo de estudiantes de Santo Tom\u00e1s de Osorno y funcionarios de Senda de la Regi\u00f3n de Los Lagos entregaron esta jornada en el centro de la ciudad de Osorno informaci\u00f3n relacionada con el autocuidado y la responsabilidad, sobre todo considerando la celebraci\u00f3n pr\u00f3xima de Fiestas Patrias. En la oportunidad, la directora de carreras del&#8230;<a class=\"btnReadMore\" href=\"https:\/\/www.semanariolocal.cl\/?p=1866\"> Leer M\u00e1s<\/a><\/p>\n","protected":false},"author":1,"featured_media":1867,"comment_status":"closed","ping_status":"closed","sticky":false,"template":"","format":"standard","meta":{"footnotes":""},"categories":[11],"tags":[],"class_list":["post-1866","post","type-post","status-publish","format-standard","has-post-thumbnail","hentry","category-educacion"],"_links":{"self":[{"href":"https:\/\/www.semanariolocal.cl\/index.php?rest_route=\/wp\/v2\/posts\/1866","targetHints":{"allow":["GET"]}}],"collection":[{"href":"https:\/\/www.semanariolocal.cl\/index.php?rest_route=\/wp\/v2\/posts"}],"about":[{"href":"https:\/\/www.semanariolocal.cl\/index.php?rest_route=\/wp\/v2\/types\/post"}],"author":[{"embeddable":true,"href":"https:\/\/www.semanariolocal.cl\/index.php?rest_route=\/wp\/v2\/users\/1"}],"replies":[{"embeddable":true,"href":"https:\/\/www.semanariolocal.cl\/index.php?rest_route=%2Fwp%2Fv2%2Fcomments&post=1866"}],"version-history":[{"count":1,"href":"https:\/\/www.semanariolocal.cl\/index.php?rest_route=\/wp\/v2\/posts\/1866\/revisions"}],"predecessor-version":[{"id":1868,"href":"https:\/\/www.semanariolocal.cl\/index.php?rest_route=\/wp\/v2\/posts\/1866\/revisions\/1868"}],"wp:featuredmedia":[{"embeddable":true,"href":"https:\/\/www.semanariolocal.cl\/index.php?rest_route=\/wp\/v2\/media\/1867"}],"wp:attachment":[{"href":"https:\/\/www.semanariolocal.cl\/index.php?rest_route=%2Fwp%2Fv2%2Fmedia&parent=1866"}],"wp:term":[{"taxonomy":"category","embeddable":true,"href":"https:\/\/www.semanariolocal.cl\/index.php?rest_route=%2Fwp%2Fv2%2Fcategories&post=1866"},{"taxonomy":"post_tag","embeddable":true,"href":"https:\/\/www.semanariolocal.cl\/index.php?rest_route=%2Fwp%2Fv2%2Ftags&post=1866"}],"curies":[{"name":"wp","href":"https:\/\/api.w.org\/{rel}","templated":true}]}}