{"id":1862,"date":"2021-09-09T22:53:23","date_gmt":"2021-09-10T01:53:23","guid":{"rendered":"https:\/\/www.semanariolocal.cl\/?p=1862"},"modified":"2021-09-09T22:53:27","modified_gmt":"2021-09-10T01:53:27","slug":"mejoramiento-de-planta-caipulli-significo-inversion-por-9-mil-millones-de-pesos","status":"publish","type":"post","link":"https:\/\/www.semanariolocal.cl\/?p=1862","title":{"rendered":"Mejoramiento de planta Caipulli signific\u00f3 inversi\u00f3n por  9 mil millones de pesos"},"content":{"rendered":"\n<p style=\"font-size:17px\">El Seremi de Obras P\u00fablicas, James Fry, junto al jefe de la Oficina Regional de la Superintendencia de Servicios Sanitarios (SISS), Juan Ancap\u00e1n, se reunieron con el gerente General de ESSAL, Sebasti\u00e1n Febres, para visitar la planta Caipulli de Osorno y revisar las obras de mejoramiento que se han realizado desde 2019.<\/p>\n\n\n\n<p style=\"font-size:17px\">La empresa sanitaria ha invertido alrededor de $9.500 millones en el sistema de potabilizaci\u00f3n y distribuci\u00f3n de agua potable de la comuna, lo que incluye dos estanques, dos nuevos pozos, el mejoramiento de los sistemas el\u00e9ctricos, la ampliaci\u00f3n de la planta de Caipulli, y la renovaci\u00f3n de las redes de agua potable y aguas servidas. \u201cEsto permite darle una robustez importante a nuestro sistema y se ha podido evidenciar en esta visita\u201d, mencion\u00f3 Sebasti\u00e1n Febres, quien tambi\u00e9n destac\u00f3 que desde la empresa est\u00e1n comprometidos a invertir permanentemente recursos con el fin de entregar un servicio de calidad a la comunidad.<\/p>\n\n\n\n<p style=\"font-size:17px\">El Seremi de Obras P\u00fablicas pudo a su vez constatar en terreno las distintas inversiones realizadas por ESSAL, las que, a su juicio, permitir\u00e1n tener una fluida distribuci\u00f3n de agua a los sectores que abastece la empresa. \u201cAgradezco la instancia de esta reuni\u00f3n con todo el equipo t\u00e9cnico de ESSAL que nos ha mostrado todas las intervenciones que se han hecho en esta planta de Caipulli, y la verdad es que se nota un avance importante en cuanto a robustecer el sistema\u201d, se\u00f1al\u00f3 la autoridad.<\/p>\n\n\n\n<p style=\"font-size:17px\">De acuerdo al gerente General de ESSAL, la instancia no se limit\u00f3 s\u00f3lo a la inspecci\u00f3n t\u00e9cnica, sino que tambi\u00e9n se aprovech\u00f3 la oportunidad de conversar con las autoridades sobre temas sanitarios de relevancia para la comuna. \u201cHablamos sobre los sistemas de colectores unitarios que tenemos en Osorno y los planes maestros que se est\u00e1n generando para dar soluci\u00f3n a los temas del problema de las aguas lluvias\u201d, explic\u00f3 Sebasti\u00e1n Febres.<\/p>\n\n\n\n<p style=\"font-size:17px\">Por su parte, el Seremi corrobor\u00f3 que la compa\u00f1\u00eda est\u00e1 trabajando en planes de acci\u00f3n por medio de la SISS para abordar esta problem\u00e1tica no s\u00f3lo en Osorno, sino tambi\u00e9n con Puerto Varas, Llanquihue y Ancud. \u201cHay ciudades en las que el ministerio est\u00e1 trabajando en planes maestros de aguas lluvias, los que tenemos que trabajar en conjunto con las sanitarias para permitir mejoras en el sistema, por lo que vamos a seguir trabajando con ellos de la mano\u201d, mencion\u00f3 James Fry.<\/p>\n\n\n\n<p style=\"font-size:17px\">Dentro de sus planes de relacionamiento comunitario para este segundo semestre, ESSAL considera realizar visitas peri\u00f3dicas a la nueva planta de Caipulli, invitando a la comunidad y a otras autoridades municipales y regionales, para que conozcan de primera fuente la ampliaci\u00f3n del sistema de producci\u00f3n y las mejoras introducidas. Estas acciones son parte del compromiso de la nueva administraci\u00f3n de ESSAL de establecer un v\u00ednculo m\u00e1s estrecho con la comunidad.<\/p>\n","protected":false},"excerpt":{"rendered":"<p>\u2022\tEstas inversiones fueron constatadas durante visita realizada por el Seremi de Obras P\u00fablicas y el jefe de la Oficina Regional de la Superintendencia de Servicios Sanitarios, quienes dialogaron con el gerente General de ESSAL sobre la problem\u00e1tica en torno a las aguas lluvias.<\/p>\n","protected":false},"author":1,"featured_media":1863,"comment_status":"closed","ping_status":"closed","sticky":false,"template":"","format":"standard","meta":{"footnotes":""},"categories":[3],"tags":[],"class_list":["post-1862","post","type-post","status-publish","format-standard","has-post-thumbnail","hentry","category-al-dia"],"_links":{"self":[{"href":"https:\/\/www.semanariolocal.cl\/index.php?rest_route=\/wp\/v2\/posts\/1862","targetHints":{"allow":["GET"]}}],"collection":[{"href":"https:\/\/www.semanariolocal.cl\/index.php?rest_route=\/wp\/v2\/posts"}],"about":[{"href":"https:\/\/www.semanariolocal.cl\/index.php?rest_route=\/wp\/v2\/types\/post"}],"author":[{"embeddable":true,"href":"https:\/\/www.semanariolocal.cl\/index.php?rest_route=\/wp\/v2\/users\/1"}],"replies":[{"embeddable":true,"href":"https:\/\/www.semanariolocal.cl\/index.php?rest_route=%2Fwp%2Fv2%2Fcomments&post=1862"}],"version-history":[{"count":1,"href":"https:\/\/www.semanariolocal.cl\/index.php?rest_route=\/wp\/v2\/posts\/1862\/revisions"}],"predecessor-version":[{"id":1864,"href":"https:\/\/www.semanariolocal.cl\/index.php?rest_route=\/wp\/v2\/posts\/1862\/revisions\/1864"}],"wp:featuredmedia":[{"embeddable":true,"href":"https:\/\/www.semanariolocal.cl\/index.php?rest_route=\/wp\/v2\/media\/1863"}],"wp:attachment":[{"href":"https:\/\/www.semanariolocal.cl\/index.php?rest_route=%2Fwp%2Fv2%2Fmedia&parent=1862"}],"wp:term":[{"taxonomy":"category","embeddable":true,"href":"https:\/\/www.semanariolocal.cl\/index.php?rest_route=%2Fwp%2Fv2%2Fcategories&post=1862"},{"taxonomy":"post_tag","embeddable":true,"href":"https:\/\/www.semanariolocal.cl\/index.php?rest_route=%2Fwp%2Fv2%2Ftags&post=1862"}],"curies":[{"name":"wp","href":"https:\/\/api.w.org\/{rel}","templated":true}]}}