{"id":1859,"date":"2021-09-09T22:49:37","date_gmt":"2021-09-10T01:49:37","guid":{"rendered":"https:\/\/www.semanariolocal.cl\/?p=1859"},"modified":"2021-09-09T22:49:38","modified_gmt":"2021-09-10T01:49:38","slug":"implementan-sede-comunitaria-con-aporte-de-programa-chile-indigena-de-conadi","status":"publish","type":"post","link":"https:\/\/www.semanariolocal.cl\/?p=1859","title":{"rendered":"Implementan sede comunitaria con aporte de Programa Chile Ind\u00edgena de CONADI"},"content":{"rendered":"\n<p style=\"font-size:17px\">Hasta el sector de Pichilcura lleg\u00f3 el equipo de Chile Ind\u00edgena para visitar a la Comunidad Ind\u00edgena Pichilcura, que desarrolla el proyecto denominado \u201cMejoramiento de Espacio Comunitario: Protecci\u00f3n de Sede y Equipamiento.\u201d<\/p>\n\n\n\n<p style=\"font-size:17px\">El Proyecto cont\u00f3 con una inversi\u00f3n cercana a un mill\u00f3n 900 mil pesos provenientes del Fondo de Decisi\u00f3n Territorial del Programa Chile Ind\u00edgena, el que financia iniciativas propuestas por la misma comunidad ind\u00edgena, sumado al aporte que hizo la comunidad ind\u00edgena que correspondi\u00f3 a la mano de obra en construcci\u00f3n y gesti\u00f3n en el traslado de los bienes adquiridos.<\/p>\n\n\n\n<p style=\"font-size:17px\">Este proyecto busca implementar la sala de reuniones y cocina de la sede comunitaria, mediante la adquisici\u00f3n de equipamiento y mobiliario para uso comunitario y con ello los socios y socias puedan realizar sus actividades de gesti\u00f3n, culturales o productivas en un espacio mas ameno y confortable.<\/p>\n\n\n\n<p style=\"font-size:17px\"><strong>Apoyo directo<\/strong><\/p>\n\n\n\n<p style=\"font-size:17px\">El Director Nacional de CONADI, Ignacio Malig Meza, se\u00f1al\u00f3 que \u201ceste tipo de proyectos son un ejemplo de la cercan\u00eda que tiene el Programa Chile Ind\u00edgena de CONADI con las personas de las comunidades mapuche \u2013 huilliche, apoy\u00e1ndolas en los temas que requieren, entreg\u00e1ndoles ayuda directa y concreta, como estas mejoras realizadas en la sede de la comunidad Pichilcura de Osorno\u201d.<\/p>\n\n\n\n<p style=\"font-size:17px\">El presidente de la comunidad, Manuel Mella, indic\u00f3 que diferentes actividades comunitarias se realzan en la sede: \u201cSomos una comunidad a la que le gusta generar encuentros y participar de actividades, por eso agradecemos al programa Chile Ind\u00edgena, ya que ahora contamos con varias cosas que nos hacia falta, como un port\u00f3n de fierro en el ingreso a la sede, y todas las cosas que pudimos comprar que&nbsp; est\u00e1n al servicio de nuestra gente\u201d, explic\u00f3 el dirigente.<\/p>\n\n\n\n<p style=\"font-size:17px\">\u201cEste proyecto permiti\u00f3 la adquisici\u00f3n del mobiliario b\u00e1sico para mejorar el funcionamiento de este espacio comunitario que estar\u00e1 a disposici\u00f3n de las 14 familias y m\u00e1s de 44 socios que componen esta comunidad ind\u00edgena. Lo anterior permiti\u00f3 financiar la reposici\u00f3n del port\u00f3n de acceso de la sede, la adquisici\u00f3n de una combusti\u00f3n lenta, la compra de implementos como sillas, muebles y electrodom\u00e9sticos que sin duda van a contribuir a mejorar este espacio de encuentro de la Comunidad Ind\u00edgena Pichilcura\u201d, destac\u00f3 el Encargado Regional del Programa Chile Ind\u00edgena de CONADI, Carlos Llancar.<\/p>\n","protected":false},"excerpt":{"rendered":"<p>La iniciativa impulsada desde el Programa Chile Ind\u00edgena dependiente de CONADI, tuvo como beneficiaria a la Comunidad Pichilcura.<\/p>\n","protected":false},"author":1,"featured_media":1860,"comment_status":"closed","ping_status":"closed","sticky":false,"template":"","format":"standard","meta":{"footnotes":""},"categories":[3],"tags":[],"class_list":["post-1859","post","type-post","status-publish","format-standard","has-post-thumbnail","hentry","category-al-dia"],"_links":{"self":[{"href":"https:\/\/www.semanariolocal.cl\/index.php?rest_route=\/wp\/v2\/posts\/1859","targetHints":{"allow":["GET"]}}],"collection":[{"href":"https:\/\/www.semanariolocal.cl\/index.php?rest_route=\/wp\/v2\/posts"}],"about":[{"href":"https:\/\/www.semanariolocal.cl\/index.php?rest_route=\/wp\/v2\/types\/post"}],"author":[{"embeddable":true,"href":"https:\/\/www.semanariolocal.cl\/index.php?rest_route=\/wp\/v2\/users\/1"}],"replies":[{"embeddable":true,"href":"https:\/\/www.semanariolocal.cl\/index.php?rest_route=%2Fwp%2Fv2%2Fcomments&post=1859"}],"version-history":[{"count":1,"href":"https:\/\/www.semanariolocal.cl\/index.php?rest_route=\/wp\/v2\/posts\/1859\/revisions"}],"predecessor-version":[{"id":1861,"href":"https:\/\/www.semanariolocal.cl\/index.php?rest_route=\/wp\/v2\/posts\/1859\/revisions\/1861"}],"wp:featuredmedia":[{"embeddable":true,"href":"https:\/\/www.semanariolocal.cl\/index.php?rest_route=\/wp\/v2\/media\/1860"}],"wp:attachment":[{"href":"https:\/\/www.semanariolocal.cl\/index.php?rest_route=%2Fwp%2Fv2%2Fmedia&parent=1859"}],"wp:term":[{"taxonomy":"category","embeddable":true,"href":"https:\/\/www.semanariolocal.cl\/index.php?rest_route=%2Fwp%2Fv2%2Fcategories&post=1859"},{"taxonomy":"post_tag","embeddable":true,"href":"https:\/\/www.semanariolocal.cl\/index.php?rest_route=%2Fwp%2Fv2%2Ftags&post=1859"}],"curies":[{"name":"wp","href":"https:\/\/api.w.org\/{rel}","templated":true}]}}