{"id":1856,"date":"2021-09-09T10:11:28","date_gmt":"2021-09-09T13:11:28","guid":{"rendered":"https:\/\/www.semanariolocal.cl\/?p=1856"},"modified":"2021-09-09T10:11:29","modified_gmt":"2021-09-09T13:11:29","slug":"50-estudiantes-de-purranque-reciben-atencion-de-traumatologia","status":"publish","type":"post","link":"https:\/\/www.semanariolocal.cl\/?p=1856","title":{"rendered":"50 estudiantes de Purranque reciben atenci\u00f3n de traumatolog\u00eda"},"content":{"rendered":"\n<p style=\"font-size:17px\">Medio centenar de estudiantes de s\u00e9ptimo b\u00e1sico, provenientes de establecimientos municipales y particulares subvencionados de la comuna y que hace un par de semanas atr\u00e1s fueron pesquisados con posibles problemas de desviaci\u00f3n de columna, es decir, con sospecha de escoliosis, fueron atendidos y evaluados por un m\u00e9dico especialista en dependencias del Teatro Municipal durante la jornada de hoy.<\/p>\n\n\n\n<p style=\"font-size:17px\">\u201cHoy recibimos a los estudiantes \u00a0en forma ordenada para ser evaluados por un prestador que trae Junaeb, en este caso es el connotado doctor Reinaldo Gheza, traumat\u00f3logo, especialista en columna, quien viene desde Santiago y que se encuentra brindando atenci\u00f3n a cada uno de los estudiantes y explic\u00e1ndole a los familiares los pasos a seguir en caso de pesquisar alg\u00fan problema de salud\u201d, se\u00f1al\u00f3 Ang\u00e9lica Opazo, coordinadora del Programa de Salud Escolar de Junaeb, administrado por el Cesfam de Purranque.<\/p>\n\n\n\n<p style=\"font-size:17px\">Cabe recalcar que este tipo de problemas est\u00e1 directamente relacionado con los aprendizajes, ya que los dolores de espalda producto de la escoliosis interfieren notoriamente en la calidad de los estudios, raz\u00f3n por la que Junaeb apoya este tipo de ex\u00e1menes desde la edad escolar, al igual como realiza pesquisas a nivel oftalmol\u00f3gico.<\/p>\n\n\n\n<p style=\"font-size:17px\">Este tipo de operativos de salud se efect\u00faan desde el a\u00f1o 1992 y desde entonces siempre ha presentado un alto nivel de participaci\u00f3n en la comuna, por sobre el 90 por ciento, considerando que se trata de un diagn\u00f3stico voluntario. Actualmente estos operativos se llevan a cabo gracias al trabajo mancomunado entre el Programa de Salud Escolar de Cesfam, Junaeb y los encargados de salud de los respectivos establecimientos.<\/p>\n","protected":false},"excerpt":{"rendered":"<p>Medio centenar de estudiantes de s\u00e9ptimo b\u00e1sico, provenientes de establecimientos municipales y particulares subvencionados de la comuna y que hace un par de semanas atr\u00e1s fueron pesquisados con posibles problemas de desviaci\u00f3n de columna, es decir, con sospecha de escoliosis, fueron atendidos y evaluados por un m\u00e9dico especialista en dependencias del Teatro Municipal durante la&#8230;<a class=\"btnReadMore\" href=\"https:\/\/www.semanariolocal.cl\/?p=1856\"> Leer M\u00e1s<\/a><\/p>\n","protected":false},"author":1,"featured_media":1857,"comment_status":"closed","ping_status":"closed","sticky":false,"template":"","format":"standard","meta":{"footnotes":""},"categories":[8],"tags":[],"class_list":["post-1856","post","type-post","status-publish","format-standard","has-post-thumbnail","hentry","category-comunas"],"_links":{"self":[{"href":"https:\/\/www.semanariolocal.cl\/index.php?rest_route=\/wp\/v2\/posts\/1856","targetHints":{"allow":["GET"]}}],"collection":[{"href":"https:\/\/www.semanariolocal.cl\/index.php?rest_route=\/wp\/v2\/posts"}],"about":[{"href":"https:\/\/www.semanariolocal.cl\/index.php?rest_route=\/wp\/v2\/types\/post"}],"author":[{"embeddable":true,"href":"https:\/\/www.semanariolocal.cl\/index.php?rest_route=\/wp\/v2\/users\/1"}],"replies":[{"embeddable":true,"href":"https:\/\/www.semanariolocal.cl\/index.php?rest_route=%2Fwp%2Fv2%2Fcomments&post=1856"}],"version-history":[{"count":1,"href":"https:\/\/www.semanariolocal.cl\/index.php?rest_route=\/wp\/v2\/posts\/1856\/revisions"}],"predecessor-version":[{"id":1858,"href":"https:\/\/www.semanariolocal.cl\/index.php?rest_route=\/wp\/v2\/posts\/1856\/revisions\/1858"}],"wp:featuredmedia":[{"embeddable":true,"href":"https:\/\/www.semanariolocal.cl\/index.php?rest_route=\/wp\/v2\/media\/1857"}],"wp:attachment":[{"href":"https:\/\/www.semanariolocal.cl\/index.php?rest_route=%2Fwp%2Fv2%2Fmedia&parent=1856"}],"wp:term":[{"taxonomy":"category","embeddable":true,"href":"https:\/\/www.semanariolocal.cl\/index.php?rest_route=%2Fwp%2Fv2%2Fcategories&post=1856"},{"taxonomy":"post_tag","embeddable":true,"href":"https:\/\/www.semanariolocal.cl\/index.php?rest_route=%2Fwp%2Fv2%2Ftags&post=1856"}],"curies":[{"name":"wp","href":"https:\/\/api.w.org\/{rel}","templated":true}]}}