{"id":1850,"date":"2021-09-09T10:04:16","date_gmt":"2021-09-09T13:04:16","guid":{"rendered":"https:\/\/www.semanariolocal.cl\/?p=1850"},"modified":"2021-09-09T10:04:27","modified_gmt":"2021-09-09T13:04:27","slug":"cerca-de-200-agricultores-seran-beneficiados-con-nueva-unidad-pdti-en-arauco","status":"publish","type":"post","link":"https:\/\/www.semanariolocal.cl\/?p=1850","title":{"rendered":"Cerca de 200 agricultores ser\u00e1n beneficiados con nueva unidad PDTI en Arauco"},"content":{"rendered":"\n<p style=\"font-size:17px\">Importantes novedades en beneficio de los peque\u00f1os agricultores de la comuna de Arauco, en la regi\u00f3n de Biob\u00edo, anunciaron durante esta jornada, INDAP y el municipio local. La creaci\u00f3n de 60 nuevos cupos en el Programa de Desarrollo Territorial Ind\u00edgena (PDTI) que ambas instituciones ejecutan conjuntamente permitir\u00e1 entregar atenci\u00f3n y asesor\u00eda especializada a m\u00e1s productores.<\/p>\n\n\n\n<p style=\"font-size:17px\">Para llevar adelante este acuerdo, durante 2021 INDAP Biob\u00edo aument\u00f3 su aporte al PDTI en casi 16 millones de pesos mensuales, recursos que permitir\u00e1n el funcionamiento del nuevo m\u00f3dulo del programa y financiar\u00e1n asesor\u00edas, capacitaciones y acciones formativas, adem\u00e1s de otros costos para el adecuado funcionamiento de esta unidad territorial. Adicionalmente se destinar\u00e1n otros $ 16.864.860 que, a trav\u00e9s del Fondo \u00danico de Financiamiento (FUF), financiar\u00e1n la entrega de recursos como capital de trabajo para estos 60 usuarios durante esta temporada. La inyecci\u00f3n de recursos tambi\u00e9n permitir\u00e1 la contrataci\u00f3n de un profesional que se sumar\u00e1 al equipo t\u00e9cnico del programa en Arauco y asesorar\u00e1 directamente a este grupo de 60 usuarios.<\/p>\n\n\n\n<p style=\"font-size:17px\">La medida se oficializ\u00f3 luego de la firma del acuerdo que encabezaron el director nacional de INDAP, Carlos Recondo; la alcaldesa de Arauco, Elizabeth Maric\u00e1n; y el director regional de INDAP Biob\u00edo, Od\u00edn Vallejos. En la actividad, realizada en dependencias municipales, tambi\u00e9n participaron peque\u00f1os agricultores ind\u00edgenas que se integrar\u00e1n al programa y se ver\u00e1n beneficiados directamente con esta medida.<\/p>\n\n\n\n<p style=\"font-size:17px\">El director nacional de INDAP, Carlos Recondo, destac\u00f3 que gracias al esfuerzo institucional se constituy\u00f3 este nuevo m\u00f3dulo PDTI en Arauco que permitir\u00e1 a 60 peque\u00f1os agricultores transformarse en usuarios de INDAP y acceder a apoyos e instrumentos para desarrollar sus cultivos: recibir\u00e1n asistencia t\u00e9cnica, tendr\u00e1n acceso a capital de trabajo y recursos para desarrollar inversiones. \u201cComo usuarios de INDAP podr\u00e1n tener acceso a otros programas e incentivos conforme a la necesidad que tengan sus emprendimientos y cultivos. Esperamos que su trabajo y esfuerzo se traduzca en ventas y comercializaci\u00f3n de sus productos para mejorar los ingresos familiares\u201d, enfatiz\u00f3.<\/p>\n\n\n\n<p style=\"font-size:17px\">Los peque\u00f1os agricultores que integrar\u00e1n el nuevo m\u00f3dulo son, principalmente, hortaliceros y ganaderos que se distribuyen en distintos sectores de la comuna de Arauco: La Guinga, Che\u00f1eco, Los \u00d1anco, Los Huapes, Merilupo, Centinela, El Piure, Santa Clara, Nine, Cerro Colorado, Quidico, Los Huapes.<\/p>\n\n\n\n<p style=\"font-size:17px\">El PDTI es implementado conjuntamente por INDAP y la municipalidad de Arauco; su objetivo principal es ampliar las oportunidades de los peque\u00f1os agricultores, mejorando sus sistemas productivos e impulsando sus emprendimientos econ\u00f3micos para aumentar los ingresos familiares y mejorar su calidad de vida.<\/p>\n\n\n\n<p style=\"font-size:17px\">Jenny Marihuan es una peque\u00f1a agricultura del sector La Guinda en la comuna de Arauco; dice que el apoyo de INDAP es importante para lograr sus prop\u00f3sitos. \u201cCon las herramientas que nos entrega INDAP se hace m\u00e1s f\u00e1cil y se pueden lograr las metas a las que una aspira. Para todos los agricultores del programa significa lo mismo: se nos hace m\u00e1s f\u00e1cil\u201d, coment\u00f3. Al referirse a la implementaci\u00f3n del nuevo m\u00f3dulo PDTI, la catalog\u00f3 como \u201cespectacular\u201d porque les entregar\u00e1 nuevas herramientas para desarrollar su trabajo. \u201cHay que enamorarse de la tierra para que trabajarla no sea un sacrificio\u201d, resalt\u00f3.<\/p>\n\n\n\n<p style=\"font-size:17px\">La creaci\u00f3n del nuevo m\u00f3dulo PDTI en Arauco responde al trabajo permanente de INDAP con los Pueblos Originarios de nuestro pa\u00eds que busca fomentar el desarrollo de sus capacidades productivas, promover un desarrollo sustentable y una articulaci\u00f3n p\u00fablico-privada, adem\u00e1s de facilitar el acceso a financiamiento, capacitaci\u00f3n y asesor\u00eda especializada. Asimismo, busca fortalecer las actividades silvoagropecuarias que cada pueblo originario realiza basadas en su visi\u00f3n de desarrollo.<\/p>\n\n\n\n<p style=\"font-size:17px\">La firma y ampliaci\u00f3n del convenio se realiz\u00f3 en el marco de la gira t\u00e9cnica que el director nacional desarrolla por la regi\u00f3n de Biob\u00edo, itinerario en el que encabez\u00f3 una sesi\u00f3n del Comit\u00e9 Directivo Regional, instancia en la que se abord\u00f3 el avance y ejecuci\u00f3n de los distintos programas e instrumentos institucionales de INDAP Biob\u00edo. Tambi\u00e9n sostuve encuentros bilaterales con la alcaldesa de Arauco, Elizabeth Maric\u00e1n, y con el alcalde de Ca\u00f1ete, Jorge Radonich.<\/p>\n","protected":false},"excerpt":{"rendered":"<p>Importantes novedades en beneficio de los peque\u00f1os agricultores de la comuna de Arauco, en la regi\u00f3n de Biob\u00edo, anunciaron durante esta jornada, INDAP y el municipio local. La creaci\u00f3n de 60 nuevos cupos en el Programa de Desarrollo Territorial Ind\u00edgena (PDTI) que ambas instituciones ejecutan conjuntamente permitir\u00e1 entregar atenci\u00f3n y asesor\u00eda especializada a m\u00e1s productores&#8230;.<a class=\"btnReadMore\" href=\"https:\/\/www.semanariolocal.cl\/?p=1850\"> Leer M\u00e1s<\/a><\/p>\n","protected":false},"author":1,"featured_media":1851,"comment_status":"closed","ping_status":"closed","sticky":false,"template":"","format":"standard","meta":{"footnotes":""},"categories":[20],"tags":[],"class_list":["post-1850","post","type-post","status-publish","format-standard","has-post-thumbnail","hentry","category-agro"],"_links":{"self":[{"href":"https:\/\/www.semanariolocal.cl\/index.php?rest_route=\/wp\/v2\/posts\/1850","targetHints":{"allow":["GET"]}}],"collection":[{"href":"https:\/\/www.semanariolocal.cl\/index.php?rest_route=\/wp\/v2\/posts"}],"about":[{"href":"https:\/\/www.semanariolocal.cl\/index.php?rest_route=\/wp\/v2\/types\/post"}],"author":[{"embeddable":true,"href":"https:\/\/www.semanariolocal.cl\/index.php?rest_route=\/wp\/v2\/users\/1"}],"replies":[{"embeddable":true,"href":"https:\/\/www.semanariolocal.cl\/index.php?rest_route=%2Fwp%2Fv2%2Fcomments&post=1850"}],"version-history":[{"count":1,"href":"https:\/\/www.semanariolocal.cl\/index.php?rest_route=\/wp\/v2\/posts\/1850\/revisions"}],"predecessor-version":[{"id":1852,"href":"https:\/\/www.semanariolocal.cl\/index.php?rest_route=\/wp\/v2\/posts\/1850\/revisions\/1852"}],"wp:featuredmedia":[{"embeddable":true,"href":"https:\/\/www.semanariolocal.cl\/index.php?rest_route=\/wp\/v2\/media\/1851"}],"wp:attachment":[{"href":"https:\/\/www.semanariolocal.cl\/index.php?rest_route=%2Fwp%2Fv2%2Fmedia&parent=1850"}],"wp:term":[{"taxonomy":"category","embeddable":true,"href":"https:\/\/www.semanariolocal.cl\/index.php?rest_route=%2Fwp%2Fv2%2Fcategories&post=1850"},{"taxonomy":"post_tag","embeddable":true,"href":"https:\/\/www.semanariolocal.cl\/index.php?rest_route=%2Fwp%2Fv2%2Ftags&post=1850"}],"curies":[{"name":"wp","href":"https:\/\/api.w.org\/{rel}","templated":true}]}}