{"id":1847,"date":"2021-09-09T10:01:29","date_gmt":"2021-09-09T13:01:29","guid":{"rendered":"https:\/\/www.semanariolocal.cl\/?p=1847"},"modified":"2021-09-09T10:01:29","modified_gmt":"2021-09-09T13:01:29","slug":"consejo-regional-aprueba-adwuisicion-de-movil-del-ips-chile-atiende","status":"publish","type":"post","link":"https:\/\/www.semanariolocal.cl\/?p=1847","title":{"rendered":"Consejo regional aprueba adwuisicion de movil del IPS-Chile Atiende"},"content":{"rendered":"\n<p style=\"font-size:17px\">El pleno del Consejo Regional de Los Lagos aprob\u00f3 la suma de 50 millones de pesos para la adquisici\u00f3n de una Oficina de Atenci\u00f3n M\u00f3vil solicitada por el IPS-ChileAtiende, proyect\u00e1ndose un promedio de 1.700 atenciones mensuales y 20.200 atenciones anuales.<\/p>\n\n\n\n<p style=\"font-size:17px\">La aprobaci\u00f3n del proyecto de Adquisici\u00f3n Oficina M\u00f3vil IPS-ChileAtiende reducir\u00e1 las brechas de acceso a los beneficios, prestaciones y tr\u00e1mites del Estado que hoy afectan principalmente a\u00a0 personas que viven en comunas con alta ruralidad y de los sectores m\u00e1s distantes de los centros urbanos de la regi\u00f3n, coment\u00f3 la presidente de la Comisi\u00f3n Provincia de Osorno del Core, Mar\u00eda Ang\u00e9lica Barraza.<\/p>\n\n\n\n<p style=\"font-size:17px\">La presencia de la Oficina M\u00f3vil en distintos puntos de la regi\u00f3n, permitir\u00e1 a las personas acceder a las oportunidades y beneficios que normalmente recibe el resto de la ciudadan\u00eda, las que hasta hoy se ven limitadas por las dificultades de traslado y la falta de recursos, se\u00f1al\u00f3 el Director Regional del entidad p\u00fablica, Dalmiro Ya\u00f1ez.<\/p>\n\n\n\n<p style=\"font-size:17px\">Este proyecto acerca los beneficios y prestaciones del Estado a las personas, generando un ahorro en el presupuesto familiar al reducir los costos de traslado. Y un mejoramiento en la calidad de vida al acceder a los beneficios y reducir el tiempo que deben dedicar a su tramitaci\u00f3n<\/p>\n","protected":false},"excerpt":{"rendered":"<p>El pleno del Consejo Regional de Los Lagos aprob\u00f3 la suma de 50 millones de pesos para la adquisici\u00f3n de una Oficina de Atenci\u00f3n M\u00f3vil solicitada por el IPS-ChileAtiende, proyect\u00e1ndose un promedio de 1.700 atenciones mensuales y 20.200 atenciones anuales. La aprobaci\u00f3n del proyecto de Adquisici\u00f3n Oficina M\u00f3vil IPS-ChileAtiende reducir\u00e1 las brechas de acceso a&#8230;<a class=\"btnReadMore\" href=\"https:\/\/www.semanariolocal.cl\/?p=1847\"> Leer M\u00e1s<\/a><\/p>\n","protected":false},"author":1,"featured_media":1848,"comment_status":"closed","ping_status":"closed","sticky":false,"template":"","format":"standard","meta":{"footnotes":""},"categories":[3],"tags":[],"class_list":["post-1847","post","type-post","status-publish","format-standard","has-post-thumbnail","hentry","category-al-dia"],"_links":{"self":[{"href":"https:\/\/www.semanariolocal.cl\/index.php?rest_route=\/wp\/v2\/posts\/1847","targetHints":{"allow":["GET"]}}],"collection":[{"href":"https:\/\/www.semanariolocal.cl\/index.php?rest_route=\/wp\/v2\/posts"}],"about":[{"href":"https:\/\/www.semanariolocal.cl\/index.php?rest_route=\/wp\/v2\/types\/post"}],"author":[{"embeddable":true,"href":"https:\/\/www.semanariolocal.cl\/index.php?rest_route=\/wp\/v2\/users\/1"}],"replies":[{"embeddable":true,"href":"https:\/\/www.semanariolocal.cl\/index.php?rest_route=%2Fwp%2Fv2%2Fcomments&post=1847"}],"version-history":[{"count":1,"href":"https:\/\/www.semanariolocal.cl\/index.php?rest_route=\/wp\/v2\/posts\/1847\/revisions"}],"predecessor-version":[{"id":1849,"href":"https:\/\/www.semanariolocal.cl\/index.php?rest_route=\/wp\/v2\/posts\/1847\/revisions\/1849"}],"wp:featuredmedia":[{"embeddable":true,"href":"https:\/\/www.semanariolocal.cl\/index.php?rest_route=\/wp\/v2\/media\/1848"}],"wp:attachment":[{"href":"https:\/\/www.semanariolocal.cl\/index.php?rest_route=%2Fwp%2Fv2%2Fmedia&parent=1847"}],"wp:term":[{"taxonomy":"category","embeddable":true,"href":"https:\/\/www.semanariolocal.cl\/index.php?rest_route=%2Fwp%2Fv2%2Fcategories&post=1847"},{"taxonomy":"post_tag","embeddable":true,"href":"https:\/\/www.semanariolocal.cl\/index.php?rest_route=%2Fwp%2Fv2%2Ftags&post=1847"}],"curies":[{"name":"wp","href":"https:\/\/api.w.org\/{rel}","templated":true}]}}