{"id":1844,"date":"2021-09-08T11:20:14","date_gmt":"2021-09-08T14:20:14","guid":{"rendered":"https:\/\/www.semanariolocal.cl\/?p=1844"},"modified":"2021-09-08T11:20:15","modified_gmt":"2021-09-08T14:20:15","slug":"yasna-provoste-firma-compromiso-presidencial-para-pagar-deuda-historica","status":"publish","type":"post","link":"https:\/\/www.semanariolocal.cl\/?p=1844","title":{"rendered":"Yasna Provoste firma compromiso presidencial para pagar deuda hist\u00f3rica"},"content":{"rendered":"\n<p style=\"font-size:17px\">\u201cVamos a iniciar el pago de la deuda hist\u00f3rica de los profesores, la justicia educativa tambi\u00e9n tiene que ver con temas program\u00e1ticos\u201d, manifest\u00f3 la candidata presidencial Yasna Provoste Campillay previo a su arribo a Concepci\u00f3n.<\/p>\n\n\n\n<p style=\"font-size:17px\">La aspirante a la Presidencia de la Rep\u00fablica manifest\u00f3 que, \u201cdurante nuestra gesti\u00f3n me encargar\u00e9 personalmente de reconocer el trabajo de las y los profesores chilenos, pagando la tan anhelada deuda hist\u00f3rica\u201d.<\/p>\n\n\n\n<p style=\"font-size:17px\">\u201cNuestro programa tiene una base muy importante en la educaci\u00f3n\u201d, a\u00f1adi\u00f3. \u201cTiene un elemento que no tiene ning\u00fan programa de los que est\u00e1n hoy en competencia, que es la justicia educativa, pues no hay justicia sin el reconocimiento de los trabajadores y trabajadoras.\u201d<\/p>\n\n\n\n<p style=\"font-size:17px\">\u201cLa justicia educativa que nosotros proponemos tiene que ver tambi\u00e9n con justicia curricular. Con justicia en materia de infraestructura, en justicia para alcanzar mayor igualdad de oportunidades\u00bb, afirm\u00f3 Provoste Campillay.<\/p>\n\n\n\n<p style=\"font-size:17px\">La candidata presidencial de Unidad Constituyente record\u00f3 que, \u201cla hist\u00f3rica deuda de los profesores se origin\u00f3 tras incumplirse la Ley N\u00ba 3.551 de 1981, que dispuso un reajuste del sueldo base al sector p\u00fablico, y que estableci\u00f3 una \u2018asignaci\u00f3n especial\u2019 no imponible para el personal docente dependiente del Ministerio de Educaci\u00f3n\u201d.<\/p>\n\n\n\n<p style=\"font-size:17px\">\u201cSin embargo\u201d, continu\u00f3, \u201ctras 1981 y como resultado de la municipalizaci\u00f3n, la mayor\u00eda de los profesores no alcanzaron a recibir el 100% de esta asignaci\u00f3n, ya que al ser traspasados al sector municipal sus nuevos empleadores desconocieron los derechos que hab\u00edan adquirido de forma honesta y justa, por lo que m\u00e1s de 76 mil maestros fueron afectados\u201d.<\/p>\n\n\n\n<p style=\"font-size:17px\">Yasna Provoste finaliz\u00f3 manifestando que, \u201cvamos a iniciar el pago de la deuda hist\u00f3rica de los profesores, la justicia educativa tambi\u00e9n tiene que ver con temas program\u00e1ticos. El nuestro es el \u00fanico programa que cuenta con esta iniciativa y aunque muchos han afirmado despu\u00e9s que se sumar\u00edan, lo que a m\u00ed me parece muy bien, hay que recordar que no estaba en sus propuestas de gobierno\u201d.<\/p>\n\n\n\n<p style=\"font-size:17px\"><strong>Cabe destacar que la firma de este compromiso presidencial se realizar\u00e1 este jueves 09 de septiembre en Concepci\u00f3n, a partir de las 18:00 horas, cita a la que asistir\u00e1n decenas de profesores y que miles m\u00e1s podr\u00e1n seguir a trav\u00e9s de la p\u00e1gina de facebook de la candidata a la Presidencia de la Rep\u00fablica:&nbsp;<\/strong><a href=\"https:\/\/www.facebook.com\/senadorayasnaprovoste\" target=\"_blank\" rel=\"noreferrer noopener\"><strong>https:\/\/www.facebook.com\/senadorayasnaprovoste<\/strong><\/a><\/p>\n","protected":false},"excerpt":{"rendered":"<p>La candidata de Unidad Constituyente arribar\u00e1 a la Regi\u00f3n del Biob\u00edo en el marco del encuentro nacional de Gobernadores Regionales. Durante la jornada del jueves, firmar\u00e1 el compromiso frente a cientos de ex docentes de todo Chile.<\/p>\n","protected":false},"author":1,"featured_media":1845,"comment_status":"closed","ping_status":"closed","sticky":false,"template":"","format":"standard","meta":{"footnotes":""},"categories":[3,6],"tags":[],"class_list":["post-1844","post","type-post","status-publish","format-standard","has-post-thumbnail","hentry","category-al-dia","category-politica"],"_links":{"self":[{"href":"https:\/\/www.semanariolocal.cl\/index.php?rest_route=\/wp\/v2\/posts\/1844","targetHints":{"allow":["GET"]}}],"collection":[{"href":"https:\/\/www.semanariolocal.cl\/index.php?rest_route=\/wp\/v2\/posts"}],"about":[{"href":"https:\/\/www.semanariolocal.cl\/index.php?rest_route=\/wp\/v2\/types\/post"}],"author":[{"embeddable":true,"href":"https:\/\/www.semanariolocal.cl\/index.php?rest_route=\/wp\/v2\/users\/1"}],"replies":[{"embeddable":true,"href":"https:\/\/www.semanariolocal.cl\/index.php?rest_route=%2Fwp%2Fv2%2Fcomments&post=1844"}],"version-history":[{"count":1,"href":"https:\/\/www.semanariolocal.cl\/index.php?rest_route=\/wp\/v2\/posts\/1844\/revisions"}],"predecessor-version":[{"id":1846,"href":"https:\/\/www.semanariolocal.cl\/index.php?rest_route=\/wp\/v2\/posts\/1844\/revisions\/1846"}],"wp:featuredmedia":[{"embeddable":true,"href":"https:\/\/www.semanariolocal.cl\/index.php?rest_route=\/wp\/v2\/media\/1845"}],"wp:attachment":[{"href":"https:\/\/www.semanariolocal.cl\/index.php?rest_route=%2Fwp%2Fv2%2Fmedia&parent=1844"}],"wp:term":[{"taxonomy":"category","embeddable":true,"href":"https:\/\/www.semanariolocal.cl\/index.php?rest_route=%2Fwp%2Fv2%2Fcategories&post=1844"},{"taxonomy":"post_tag","embeddable":true,"href":"https:\/\/www.semanariolocal.cl\/index.php?rest_route=%2Fwp%2Fv2%2Ftags&post=1844"}],"curies":[{"name":"wp","href":"https:\/\/api.w.org\/{rel}","templated":true}]}}