{"id":1838,"date":"2021-09-08T10:13:17","date_gmt":"2021-09-08T13:13:17","guid":{"rendered":"https:\/\/www.semanariolocal.cl\/?p=1838"},"modified":"2021-09-08T10:13:18","modified_gmt":"2021-09-08T13:13:18","slug":"via-convenio-mindep-ind-entregan-materiales-didacticos-jardines-integra","status":"publish","type":"post","link":"https:\/\/www.semanariolocal.cl\/?p=1838","title":{"rendered":"Via convenio Mindep -INd entregan materiales did\u00e1cticos Jardines Integra"},"content":{"rendered":"\n<p style=\"font-size:17px\">Una entrega de implementaci\u00f3n deportiva para los jardines infantiles de Fundaci\u00f3n Integra, que implementan el componente \u201cJugar y Aprender\u201d del programa \u201cCrecer en Movimiento\u201d de Mindep IND, se efectu\u00f3 en Puerto Montt.<\/p>\n\n\n\n<p style=\"font-size:17px\">Se trata de materiales did\u00e1cticos para el desarrollo de ni\u00f1os y ni\u00f1as de la regi\u00f3n, que asisten a 25 jardines infantiles que funcionan bajo este convenio, que fueron recibidos por la Directora Regional de Fundaci\u00f3n Integra, Marcela Gallardo, de manos del Director Regional del IND, Matias Bahamonde.<\/p>\n\n\n\n<p style=\"font-size:17px\">El Seremi del Deporte (S), Francisco Mu\u00f1oz, se\u00f1al\u00f3 que \u201cbajo el componente \u201cJugar y Aprender\u201d del programa Crecer en Movimiento\u201d de Mindep IND se atienden a ni\u00f1as y ni\u00f1os entre 2 y 6 a\u00f1os, fortaleciendo su formaci\u00f3n en la pr\u00e1ctica sistem\u00e1tica de la actividad f\u00edsica y el deporte, a trav\u00e9s del juego y la exploraci\u00f3n, permitiendo un desarrollo motriz integral y promoviendo la recreaci\u00f3n, respetando los procesos biol\u00f3gicos, sociales, emocionales, culturales, psicol\u00f3gicos, motrices y cognitivos para cada edad\u201d.<\/p>\n\n\n\n<p style=\"font-size:17px\">Por su parte, la directora regional, Marcela Gallardo, destac\u00f3 \u201cel trabajo conjunto que desarrollamos con estas instituciones a trav\u00e9s del programa \u201cCrecer en Movimiento\u201d, que ha sido un elemento esencial para el desarrollo integral de nuestros ni\u00f1os y ni\u00f1as. Sabemos que los h\u00e1bitos de vida saludable y la actividad f\u00edsica son esenciales en la primera infancia, donde su condici\u00f3n de movimiento es una base fundamental para los aprendizajes. Y hoy, tras m\u00e1s de un a\u00f1o sin poder salir de casa producto de la pandemia, retomar el juego y las actividades al aire libre, ha sido un gran aporte para potenciar el proceso de aprendizaje cognitivo y la formaci\u00f3n integral\u201d.<\/p>\n\n\n\n<p style=\"font-size:17px\">Cabe indicar, que en cada kit se entregaron juegos de lanzamientos, balones, t\u00faneles m\u00faltiples de psicomotricidad, juego de palitroques, vallas, emboques y paraca\u00eddas psicomotriz.<\/p>\n","protected":false},"excerpt":{"rendered":"<p>Los ni\u00f1os y ni\u00f1as de estos jardines forman parte del componente \u201cJugar y Aprender\u201d, que est\u00e1 presente en las 30 comunas de la regi\u00f3n, con el fin de fomentar la pr\u00e1ctica de la actividad f\u00edsica y el deporte.<\/p>\n","protected":false},"author":1,"featured_media":1839,"comment_status":"closed","ping_status":"closed","sticky":false,"template":"","format":"standard","meta":{"footnotes":""},"categories":[11],"tags":[],"class_list":["post-1838","post","type-post","status-publish","format-standard","has-post-thumbnail","hentry","category-educacion"],"_links":{"self":[{"href":"https:\/\/www.semanariolocal.cl\/index.php?rest_route=\/wp\/v2\/posts\/1838","targetHints":{"allow":["GET"]}}],"collection":[{"href":"https:\/\/www.semanariolocal.cl\/index.php?rest_route=\/wp\/v2\/posts"}],"about":[{"href":"https:\/\/www.semanariolocal.cl\/index.php?rest_route=\/wp\/v2\/types\/post"}],"author":[{"embeddable":true,"href":"https:\/\/www.semanariolocal.cl\/index.php?rest_route=\/wp\/v2\/users\/1"}],"replies":[{"embeddable":true,"href":"https:\/\/www.semanariolocal.cl\/index.php?rest_route=%2Fwp%2Fv2%2Fcomments&post=1838"}],"version-history":[{"count":1,"href":"https:\/\/www.semanariolocal.cl\/index.php?rest_route=\/wp\/v2\/posts\/1838\/revisions"}],"predecessor-version":[{"id":1840,"href":"https:\/\/www.semanariolocal.cl\/index.php?rest_route=\/wp\/v2\/posts\/1838\/revisions\/1840"}],"wp:featuredmedia":[{"embeddable":true,"href":"https:\/\/www.semanariolocal.cl\/index.php?rest_route=\/wp\/v2\/media\/1839"}],"wp:attachment":[{"href":"https:\/\/www.semanariolocal.cl\/index.php?rest_route=%2Fwp%2Fv2%2Fmedia&parent=1838"}],"wp:term":[{"taxonomy":"category","embeddable":true,"href":"https:\/\/www.semanariolocal.cl\/index.php?rest_route=%2Fwp%2Fv2%2Fcategories&post=1838"},{"taxonomy":"post_tag","embeddable":true,"href":"https:\/\/www.semanariolocal.cl\/index.php?rest_route=%2Fwp%2Fv2%2Ftags&post=1838"}],"curies":[{"name":"wp","href":"https:\/\/api.w.org\/{rel}","templated":true}]}}