{"id":1835,"date":"2021-09-08T10:09:09","date_gmt":"2021-09-08T13:09:09","guid":{"rendered":"https:\/\/www.semanariolocal.cl\/?p=1835"},"modified":"2021-09-08T10:09:09","modified_gmt":"2021-09-08T13:09:09","slug":"nuevo-carro-de-bomberos-para-purranque","status":"publish","type":"post","link":"https:\/\/www.semanariolocal.cl\/?p=1835","title":{"rendered":"Nuevo carro de bomberos para Purranque"},"content":{"rendered":"\n<p style=\"font-size:17px\">Un nuevo carro multiprop\u00f3sito recibi\u00f3 la&nbsp;<strong>Cuarta Compa\u00f1\u00eda de Bomberos de Purranque<\/strong>, en una ceremonia realizada el pasado s\u00e1bado en la ciudad de Puerto Montt, la cual estuvo encabezada por el Gobernador Regional Patricio Vallesp\u00edn.&nbsp;<\/p>\n\n\n\n<p style=\"font-size:17px\">\u201cEs un tremendo adelanto. Despu\u00e9s de 22 a\u00f1os de dar la pelea y la lucha por estos mayores adelantos, que no son en beneficio de los bomberos, sino que, de toda la comunidad, consiguen este nuevo veh\u00edculo. Tuve el honor de acompa\u00f1ar a nuestros amigos voluntarios a la entrega de este carro multiprop\u00f3sito que viene a ser un nuevo orgullo y logro importante\u201d, coment\u00f3 el alcalde&nbsp;<strong>C\u00e9sar Crot<\/strong>, quien reiter\u00f3 que la casa edilicia se encuentra trabajando en el proyecto de construcci\u00f3n del nuevo cuartel para la Cuarta Compa\u00f1\u00eda, en un trabajo conjunto a los voluntarios bomberiles.<\/p>\n\n\n\n<p style=\"font-size:17px\"><strong>Eduardo Vargas S\u00e1nchez<\/strong>, director de la Cuarta Compa\u00f1\u00eda, evidenci\u00f3 su alegr\u00eda tras concretar este anhelado proyecto. \u201cViene a paliar y a ayudar la necesidad que ten\u00edamos en la compa\u00f1\u00eda, de tener un carro nuevo, ya que, con el carro antiguo pod\u00edamos salir a las emergencias con tres o cuatro voluntarios. Eso cambi\u00f3 porque ahora podemos salir con 8 voluntarios, un oficial a cargo y un maquinista. Agradecer a todas las personas que fueron part\u00edcipes de este proyecto y seguimos trabajando con el municipio por un futuro cuartel\u201d. &nbsp;<\/p>\n","protected":false},"excerpt":{"rendered":"<p>Un nuevo carro multiprop\u00f3sito recibi\u00f3 la&nbsp;Cuarta Compa\u00f1\u00eda de Bomberos de Purranque, en una ceremonia realizada el pasado s\u00e1bado en la ciudad de Puerto Montt, la cual estuvo encabezada por el Gobernador Regional Patricio Vallesp\u00edn.&nbsp; \u201cEs un tremendo adelanto. Despu\u00e9s de 22 a\u00f1os de dar la pelea y la lucha por estos mayores adelantos, que no&#8230;<a class=\"btnReadMore\" href=\"https:\/\/www.semanariolocal.cl\/?p=1835\"> Leer M\u00e1s<\/a><\/p>\n","protected":false},"author":1,"featured_media":1836,"comment_status":"closed","ping_status":"closed","sticky":false,"template":"","format":"standard","meta":{"footnotes":""},"categories":[3,8],"tags":[],"class_list":["post-1835","post","type-post","status-publish","format-standard","has-post-thumbnail","hentry","category-al-dia","category-comunas"],"_links":{"self":[{"href":"https:\/\/www.semanariolocal.cl\/index.php?rest_route=\/wp\/v2\/posts\/1835","targetHints":{"allow":["GET"]}}],"collection":[{"href":"https:\/\/www.semanariolocal.cl\/index.php?rest_route=\/wp\/v2\/posts"}],"about":[{"href":"https:\/\/www.semanariolocal.cl\/index.php?rest_route=\/wp\/v2\/types\/post"}],"author":[{"embeddable":true,"href":"https:\/\/www.semanariolocal.cl\/index.php?rest_route=\/wp\/v2\/users\/1"}],"replies":[{"embeddable":true,"href":"https:\/\/www.semanariolocal.cl\/index.php?rest_route=%2Fwp%2Fv2%2Fcomments&post=1835"}],"version-history":[{"count":1,"href":"https:\/\/www.semanariolocal.cl\/index.php?rest_route=\/wp\/v2\/posts\/1835\/revisions"}],"predecessor-version":[{"id":1837,"href":"https:\/\/www.semanariolocal.cl\/index.php?rest_route=\/wp\/v2\/posts\/1835\/revisions\/1837"}],"wp:featuredmedia":[{"embeddable":true,"href":"https:\/\/www.semanariolocal.cl\/index.php?rest_route=\/wp\/v2\/media\/1836"}],"wp:attachment":[{"href":"https:\/\/www.semanariolocal.cl\/index.php?rest_route=%2Fwp%2Fv2%2Fmedia&parent=1835"}],"wp:term":[{"taxonomy":"category","embeddable":true,"href":"https:\/\/www.semanariolocal.cl\/index.php?rest_route=%2Fwp%2Fv2%2Fcategories&post=1835"},{"taxonomy":"post_tag","embeddable":true,"href":"https:\/\/www.semanariolocal.cl\/index.php?rest_route=%2Fwp%2Fv2%2Ftags&post=1835"}],"curies":[{"name":"wp","href":"https:\/\/api.w.org\/{rel}","templated":true}]}}