{"id":1832,"date":"2021-09-08T10:06:47","date_gmt":"2021-09-08T13:06:47","guid":{"rendered":"https:\/\/www.semanariolocal.cl\/?p=1832"},"modified":"2021-09-08T10:06:47","modified_gmt":"2021-09-08T13:06:47","slug":"osorno-compra-local-sigue-expandiendose-a-nivel-provincial","status":"publish","type":"post","link":"https:\/\/www.semanariolocal.cl\/?p=1832","title":{"rendered":"\u201cOsorno Compra Local\u201d sigue  expandi\u00e9ndose a nivel provincial"},"content":{"rendered":"\n<p style=\"font-size:17px\">Con el fin de continuar por la senda de potenciar el emprendimiento y ayudar al crecimiento de la econom\u00eda local, a trav\u00e9s de nuevos canales de comercializaci\u00f3n, la iniciativa \u201cOsorno Compra Local\u201d, implementada por el Centro de Negocios Sercotec Osorno, ha incorporado su primer punto de venta en la comuna de Puyehue: \u00abEmporio del Campo\u00bb, local de venta de productos naturales del sur de Chile, ubicado en la Ruta 215, Km 20.<\/p>\n\n\n\n<p style=\"font-size:17px\">Es as\u00ed como este negocio familiar que busca incentivar el amor por el campo y las cosas m\u00e1s simples, contar\u00e1 con productos de los emprendedores de \u201cOsorno Compra Local\u201d, sum\u00e1ndose a supermercados Pool Alimentos, Tremar Seafood, casino del Hospital Base Osorno, panader\u00eda Barros Arana Emporio Pelleco, Yogui-Market, minimarket La Hormiguita, Mercadito Las Quemas, Beerman\u00eda, Emporio Wenuyen, panader\u00eda Isabella, La Cata, Carro Express y Urbano Market.<\/p>\n\n\n\n<p style=\"font-size:17px\">\u00abEs bueno potenciar productos de la zona, ya que as\u00ed ganamos todos. Y es que la asociatividad entre emprendedores, de cualquier lado que la veas es positiva; a veces la competitividad agresiva no es necesaria ni buena. Al final, si hay m\u00e1s productos de la zona ganamos todos\u00bb, coment\u00f3 Oliver Konow, fundador de \u00abEmporio del Campo\u00bb.<\/p>\n\n\n\n<p style=\"font-size:17px\">A su vez, el emprendedor afirm\u00f3 que \u00aba futuro nosotros tenemos la idea de ampliarnos, generar espacios para m\u00e1s negocios y con esto, potenciar a la gente que tenga sus pymes o ganas de emprender\u00bb.<\/p>\n\n\n\n<p style=\"font-size:17px\">Por su parte Alfredo Sep\u00falveda, Subdirector Provincial Sercotec Osorno, apunt\u00f3 a que la incorporaci\u00f3n de este emprendimiento se convierte en una tremenda noticia para el desarrollo econ\u00f3mico de la zona, ya que se transforma en el primer punto de venta que sale de la capital provincial, y da pie a que \u00abOsorno Compra Local\u00bb siga creciendo como iniciativa. \u00abEsto es muy importante porque acerca a los productores a otros vecinos de la provincia. Recordemos que Osorno tiene siete comunas y esta iniciativa parti\u00f3 en julio 2019, por lo que ha ido creciendo y se ha convertido en la primera a nivel pa\u00eds, dando pie a que Centros de otras ciudades se hayan aventurado en este mismo camino, como Ranco, \u00d1u\u00f1oa y Chilo\u00e9\u201d.<\/p>\n\n\n\n<p style=\"font-size:17px\">Finalmente, la autoridad apunt\u00f3 a que la asociatividad de los emprendedores dentro del \u00abCompra Local\u00bb ha sido muy positiva. \u00abDentro de los productores que son empresas unipersonales o una peque\u00f1a sociedad, existe mucha comunicaci\u00f3n entre ellos mismos, lo que les permite estar muy bien afiatados y complementar sus negocios. Con esto vislumbramos un buen camino y mantenemos nuestro objetivo de que la econom\u00eda local se potencie, crezca y vaya en apoyo a todas las familias y a toda la econom\u00eda a nivel tanto de provincia como nacional\u00bb.<\/p>\n","protected":false},"excerpt":{"rendered":"<p>Con el fin de continuar por la senda de potenciar el emprendimiento y ayudar al crecimiento de la econom\u00eda local, a trav\u00e9s de nuevos canales de comercializaci\u00f3n, la iniciativa \u201cOsorno Compra Local\u201d, implementada por el Centro de Negocios Sercotec Osorno, ha incorporado su primer punto de venta en la comuna de Puyehue: \u00abEmporio del Campo\u00bb,&#8230;<a class=\"btnReadMore\" href=\"https:\/\/www.semanariolocal.cl\/?p=1832\"> Leer M\u00e1s<\/a><\/p>\n","protected":false},"author":1,"featured_media":1833,"comment_status":"closed","ping_status":"closed","sticky":false,"template":"","format":"standard","meta":{"footnotes":""},"categories":[3,12],"tags":[],"class_list":["post-1832","post","type-post","status-publish","format-standard","has-post-thumbnail","hentry","category-al-dia","category-economia"],"_links":{"self":[{"href":"https:\/\/www.semanariolocal.cl\/index.php?rest_route=\/wp\/v2\/posts\/1832","targetHints":{"allow":["GET"]}}],"collection":[{"href":"https:\/\/www.semanariolocal.cl\/index.php?rest_route=\/wp\/v2\/posts"}],"about":[{"href":"https:\/\/www.semanariolocal.cl\/index.php?rest_route=\/wp\/v2\/types\/post"}],"author":[{"embeddable":true,"href":"https:\/\/www.semanariolocal.cl\/index.php?rest_route=\/wp\/v2\/users\/1"}],"replies":[{"embeddable":true,"href":"https:\/\/www.semanariolocal.cl\/index.php?rest_route=%2Fwp%2Fv2%2Fcomments&post=1832"}],"version-history":[{"count":1,"href":"https:\/\/www.semanariolocal.cl\/index.php?rest_route=\/wp\/v2\/posts\/1832\/revisions"}],"predecessor-version":[{"id":1834,"href":"https:\/\/www.semanariolocal.cl\/index.php?rest_route=\/wp\/v2\/posts\/1832\/revisions\/1834"}],"wp:featuredmedia":[{"embeddable":true,"href":"https:\/\/www.semanariolocal.cl\/index.php?rest_route=\/wp\/v2\/media\/1833"}],"wp:attachment":[{"href":"https:\/\/www.semanariolocal.cl\/index.php?rest_route=%2Fwp%2Fv2%2Fmedia&parent=1832"}],"wp:term":[{"taxonomy":"category","embeddable":true,"href":"https:\/\/www.semanariolocal.cl\/index.php?rest_route=%2Fwp%2Fv2%2Fcategories&post=1832"},{"taxonomy":"post_tag","embeddable":true,"href":"https:\/\/www.semanariolocal.cl\/index.php?rest_route=%2Fwp%2Fv2%2Ftags&post=1832"}],"curies":[{"name":"wp","href":"https:\/\/api.w.org\/{rel}","templated":true}]}}