{"id":1829,"date":"2021-09-08T10:01:54","date_gmt":"2021-09-08T13:01:54","guid":{"rendered":"https:\/\/www.semanariolocal.cl\/?p=1829"},"modified":"2021-09-08T10:01:54","modified_gmt":"2021-09-08T13:01:54","slug":"sago-y-chilebio-apuestan-por-biotecnologia-vegetal-para-agricultura-del-sur-de-chile","status":"publish","type":"post","link":"https:\/\/www.semanariolocal.cl\/?p=1829","title":{"rendered":"SAGO y ChileBio apuestan por biotecnolog\u00eda vegetal para agricultura del sur de Chile"},"content":{"rendered":"\n<p style=\"font-size:17px\">El presidente de la Sociedad Agr\u00edcola y Ganadera de Osorno (SAGO),&nbsp;<strong>Christian Arntz, en compa\u00f1\u00eda del director Ricardo Montesinos,&nbsp;<\/strong>y el gerente general de la de la organizaci\u00f3n,&nbsp;<strong>Jos\u00e9 Antonio Alc\u00e1zar<\/strong>, se reuni\u00f3 con el presidente de ChileBio,&nbsp;<strong>Cristi\u00e1n Carvallo<\/strong>, y su director ejecutivo&nbsp;<strong>Miguel \u00c1ngel S\u00e1nchez<\/strong>.<\/p>\n\n\n\n<p style=\"font-size:17px\">En la cita, ChileBIO, asociaci\u00f3n sin fines de lucro, dedicada a informar y educar sobre biotecnolog\u00eda agr\u00edcola, con informaci\u00f3n respaldada por estudios cient\u00edficos y\/o fuentes fidedignas, realiz\u00f3 una exposici\u00f3n sobre las potencialidades de los cultivos mejorados mediante biotecnolog\u00eda en la Regi\u00f3n, as\u00ed como sobre la situaci\u00f3n regulatoria de estos en el pa\u00eds.<\/p>\n\n\n\n<p style=\"font-size:17px\">Christian Arntz valor\u00f3 los antecedentes entregados por el doctor en Ciencias Biol\u00f3gicas, Miguel \u00c1ngel S\u00e1nchez. No obstante, afirm\u00f3 que \u201cpreocupa que en nuestro pa\u00eds haya existido una total resistencia a la producci\u00f3n de variedades de cultivos mejorados a trav\u00e9s de la biotecnolog\u00eda para el consumo humano y animal. Por otro lado, esta situaci\u00f3n se contrapone con la libre autorizaci\u00f3n para importar estos productos y comercializarlos en el mercado nacional en distintos formatos que son adquiridos y consumidos en el pa\u00eds sin restricci\u00f3n alguna\u201d.<\/p>\n\n\n\n<p style=\"font-size:17px\"><strong>\u201cGracias a la biotecnolog\u00eda, existen distintas t\u00e9cnicas para desarrollar nuevas variedades de cultivos con interesantes propiedades, que entre todas ellas permiten ahorrar costos de producci\u00f3n, hacer que algunos productos agr\u00edcolas sean resistentes a machucones y pestes, trigos resistentes a largos per\u00edodos de sequ\u00eda o granos de canola con altos contenidos de Omega 3.<\/strong>&nbsp;Y desde el punto de vista ambiental, las nuevas variedades desarrolladas gracias a la biotecnolog\u00eda permiten producir con menores cantidades de agua, fertilizantes y agroqu\u00edmicos, dejando una menor huella de carbono que las variedades tradicionales\u201d, agreg\u00f3 el presidente de SAGO.<\/p>\n\n\n\n<p style=\"font-size:17px\">Por su parte, el director ejecutivo de ChileBio, explic\u00f3 que hoy existen cultivos que podr\u00edan ser un aporte para la sostenibilidad de la industria salmonera y de ingresos para los agricultores de la zona, como es el caso de la canola mejorada para tener mayores niveles de omega-3. \u201cPor vac\u00edos regulatorios y falta de voluntad pol\u00edtica, los agricultores de la zona no pueden cultivarlos, y los ingresos esperados los obtendr\u00e1n agricultores de otros lugares del mundo, desaprovechando una gran oportunidad\u201d, puntualiz\u00f3.<\/p>\n\n\n\n<p style=\"font-size:17px\">Es por ello, que las entidades concordaron en solicitar a la autoridad que&nbsp;<strong>se genere una instancia en el Ministerio de Agricultura dedicada a prospectar las potencialidades de la biotecnolog\u00eda vegetal y en qu\u00e9 casos se autoriza, generando pol\u00edticas claras al respecto<\/strong>. \u201cEn el ministerio hay 14 mesas t\u00e9cnicas y ni una relativa a estos temas\u201d, indic\u00f3 S\u00e1nchez.<\/p>\n\n\n\n<p style=\"font-size:17px\">Ambas organizaciones acordaron una agenda de trabajo conjunta para impulsar la evaluaci\u00f3n de las potencialidades de estas t\u00e9cnicas y tambi\u00e9n educar al respecto, para terminar con prejuicios que muchas veces nublan las decisiones. \u201cMientras que en pa\u00edses como Brasil, Estados Unidos, Canad\u00e1 e India la adopci\u00f3n de estos cultivos ya supera el 90%; y en el mundo la superficie de variedades transg\u00e9nicas supera las 190 millones de hect\u00e1reas, nuestro pa\u00eds mantiene una peligrosa par\u00e1lisis que pone en riesgo al sector alimentario nacional y sus fuentes de trabajo. El llamado de nuestra instituci\u00f3n a las autoridades es a trabajar por asegurar la seguridad alimentaria para nuestras pr\u00f3ximas generaciones\u201d, concluy\u00f3 el presidente de SAGO Christian Arntz.<\/p>\n","protected":false},"excerpt":{"rendered":"<p>El presidente de SAGO destac\u00f3 la potencialidad de las t\u00e9cnicas modernas de mejoramiento gen\u00e9tico vegetal para la agricultura de la zona, as\u00ed como para su menor impacto medioambiental.<\/p>\n","protected":false},"author":1,"featured_media":1830,"comment_status":"closed","ping_status":"closed","sticky":false,"template":"","format":"standard","meta":{"footnotes":""},"categories":[20,3,12],"tags":[],"class_list":["post-1829","post","type-post","status-publish","format-standard","has-post-thumbnail","hentry","category-agro","category-al-dia","category-economia"],"_links":{"self":[{"href":"https:\/\/www.semanariolocal.cl\/index.php?rest_route=\/wp\/v2\/posts\/1829","targetHints":{"allow":["GET"]}}],"collection":[{"href":"https:\/\/www.semanariolocal.cl\/index.php?rest_route=\/wp\/v2\/posts"}],"about":[{"href":"https:\/\/www.semanariolocal.cl\/index.php?rest_route=\/wp\/v2\/types\/post"}],"author":[{"embeddable":true,"href":"https:\/\/www.semanariolocal.cl\/index.php?rest_route=\/wp\/v2\/users\/1"}],"replies":[{"embeddable":true,"href":"https:\/\/www.semanariolocal.cl\/index.php?rest_route=%2Fwp%2Fv2%2Fcomments&post=1829"}],"version-history":[{"count":1,"href":"https:\/\/www.semanariolocal.cl\/index.php?rest_route=\/wp\/v2\/posts\/1829\/revisions"}],"predecessor-version":[{"id":1831,"href":"https:\/\/www.semanariolocal.cl\/index.php?rest_route=\/wp\/v2\/posts\/1829\/revisions\/1831"}],"wp:featuredmedia":[{"embeddable":true,"href":"https:\/\/www.semanariolocal.cl\/index.php?rest_route=\/wp\/v2\/media\/1830"}],"wp:attachment":[{"href":"https:\/\/www.semanariolocal.cl\/index.php?rest_route=%2Fwp%2Fv2%2Fmedia&parent=1829"}],"wp:term":[{"taxonomy":"category","embeddable":true,"href":"https:\/\/www.semanariolocal.cl\/index.php?rest_route=%2Fwp%2Fv2%2Fcategories&post=1829"},{"taxonomy":"post_tag","embeddable":true,"href":"https:\/\/www.semanariolocal.cl\/index.php?rest_route=%2Fwp%2Fv2%2Ftags&post=1829"}],"curies":[{"name":"wp","href":"https:\/\/api.w.org\/{rel}","templated":true}]}}