{"id":1821,"date":"2021-09-08T09:49:17","date_gmt":"2021-09-08T12:49:17","guid":{"rendered":"https:\/\/www.semanariolocal.cl\/?p=1821"},"modified":"2021-09-08T09:49:17","modified_gmt":"2021-09-08T12:49:17","slug":"licitacion-en-transporte-escolar-beneficiara-a-5800-estudiantes-de-zonas-rurales-y-aisladas","status":"publish","type":"post","link":"https:\/\/www.semanariolocal.cl\/?p=1821","title":{"rendered":"Licitaci\u00f3n en transporte escolar beneficiar\u00e1 a 5800 estudiantes de zonas rurales y aisladas"},"content":{"rendered":"\n<p style=\"font-size:17px\">Para garantizar que m\u00e1s de 5 mil estudiantes de localidades apartadas y rurales de la Regi\u00f3n de Los Lagos accedan a sus establecimientos educacionales en 2022, el Ministerio de Transportes y Telecomunicaciones inici\u00f3 un proceso masivo de licitaci\u00f3n p\u00fablica para implementar 99 servicios gratuitos de transporte escolar.<\/p>\n\n\n\n<p style=\"font-size:17px\">Durante este llamado de licitaci\u00f3n, la cartera encabezada por la Ministra Gloria Hutt destinar\u00e1 m\u00e1s de 2 mil 800 millones de pesos anuales de subsidio para dar continuidad a estos servicios del Programa Transporte Escolar Gratuito, que entregar\u00e1n conectividad a estudiantes de 26 comunas de la regi\u00f3n.<\/p>\n\n\n\n<p style=\"font-size:17px\">El seremi de Transportes y Telecomunicaciones explic\u00f3 que esta iniciativa \u201centrega un subsidio a quienes operan estos recorridos Ellos suscriben un contrato con el MTT lo que permite garantizar a los alumnos beneficiados contar con locomoci\u00f3n durante todo el a\u00f1o escolar sin costo econ\u00f3mico para sus familias. En este proceso, se est\u00e1n licitando 33&nbsp; servicios para la provincia de Osorno, 39 para la de Llanquihue, 24 para la de Chilo\u00e9 y tres para de Palena\u201d.<\/p>\n\n\n\n<p style=\"font-size:17px\">El delegado Presidencial, Carlos Geisse, enfatiz\u00f3 que \u201ca trav\u00e9s&nbsp; del ministerio de Transporte se abri\u00f3 la licitaci\u00f3n de 99 servicios para trasladar 5 mil 800 alumnos en la regi\u00f3n de Los Lagos, esto se agrega&nbsp; a los servicios que ya est\u00e1n operando y licitados para el a\u00f1o 2022 totalizando 145 servicios para 9 mil ni\u00f1os de nuestra regi\u00f3n. Queremos llegar a las zonas aisladas y m\u00e1s apartadas de nuestra regi\u00f3n y de esta forma garantizar que todos estos ni\u00f1os y j\u00f3venes cuenten&nbsp; con locomoci\u00f3n durante todo el a\u00f1o escolar y sin costo econ\u00f3mico para las familias de nuestra regi\u00f3n de Los Lagos\u00bb.<\/p>\n\n\n\n<p style=\"font-size:17px\">La nueva licitaci\u00f3n incluye s\u00f3lo una fracci\u00f3n del total de los servicios de Transporte Escolar Gratuito que operar\u00e1n en 2022 en la Regi\u00f3n de Los Lagos, porque existen otros 46 recorridos que tienen contrato vigente con el MTT para continuar su funcionamiento el pr\u00f3ximo a\u00f1o.<\/p>\n\n\n\n<p style=\"font-size:17px\">En total, ser\u00e1n cerca de 9 mil los estudiantes de sectores apartados y rurales de la regi\u00f3n beneficiados con 145 servicios de Transporte Escolar Gratuito, subsidiados con recursos del Fondo Espejo durante 2022.<\/p>\n\n\n\n<p style=\"font-size:17px\">El proceso de recepci\u00f3n de ofertas para este llamado finalizar\u00e1 el 29 de septiembre. Los transportistas interesados, que cumplan con los requisitos para operar este tipo de servicios, pueden postular completamente online en el sitio <a href=\"about:blank\">https:\/\/dtpr.mtt.gob.cl\/ConsultaLicitaciones\/WebPage\/TE\/inicio.aspx<\/a>.<\/p>\n\n\n\n<p><\/p>\n\n\n\n<p><\/p>\n\n\n\n<figure class=\"wp-block-image size-large\"><img loading=\"lazy\" decoding=\"async\" width=\"1000\" height=\"346\" src=\"https:\/\/www.semanariolocal.cl\/wp-content\/uploads\/2021\/09\/Info1-1000x346.jpg\" alt=\"\" class=\"wp-image-1822\" srcset=\"https:\/\/www.semanariolocal.cl\/wp-content\/uploads\/2021\/09\/Info1-1000x346.jpg 1000w, https:\/\/www.semanariolocal.cl\/wp-content\/uploads\/2021\/09\/Info1-300x104.jpg 300w, https:\/\/www.semanariolocal.cl\/wp-content\/uploads\/2021\/09\/Info1-768x266.jpg 768w, https:\/\/www.semanariolocal.cl\/wp-content\/uploads\/2021\/09\/Info1-1200x416.jpg 1200w, https:\/\/www.semanariolocal.cl\/wp-content\/uploads\/2021\/09\/Info1.jpg 1501w\" sizes=\"auto, (max-width: 1000px) 100vw, 1000px\" \/><\/figure>\n\n\n\n<p><strong>Cronograma primer llamado de licitaci\u00f3n 2022<\/strong><\/p>\n\n\n\n<p><strong>TOTAL servicios primer llamado de licitaci\u00f3n transporte escolar gratuito 2022, REgi\u00f3n de LOS LAGOS<\/strong><\/p>\n\n\n\n<figure class=\"wp-block-table is-style-stripes\"><table><tbody><tr><td><strong>REGI\u00d3N<\/strong><\/td><td><strong>SERVICIOS<\/strong><\/td><td><strong>ALUMNOS<\/strong><\/td><\/tr><tr><td><strong>LOS LAGOS<\/strong><\/td><td>99<\/td><td>5.842<\/td><\/tr><\/tbody><\/table><\/figure>\n\n\n\n<p><strong>servicios primer llamado de licitaci\u00f3n transporte escolar gratuito 2022, &nbsp;regi\u00f3n de los lagos<\/strong><\/p>\n\n\n\n<figure class=\"wp-block-table is-style-stripes\"><table><thead><tr><td><strong>ID<\/strong><strong><\/strong><\/td><td><strong>COMUNA(S)<\/strong><strong><\/strong><\/td><td><strong>ESTABLECIMIENTO(S)<\/strong><strong><\/strong><\/td><td><strong>ALUMNOS<\/strong><strong><\/strong><\/td><\/tr><\/thead><tbody><tr><td>CTE1551<\/td><td>ANCUD<\/td><td>ESCUELA RURAL PUENTE PUNTRA<\/td><td>30<\/td><\/tr><tr><td>CTE1552<\/td><td>ANCUD<\/td><td>ESCUELA RURAL EL PALOMAR<\/td><td>21<\/td><\/tr><tr><td>CTE0680<\/td><td>CASTRO<\/td><td>ESCUELA RURAL OLINDA B\u00d3RQUEZ B\u00d3RQUEZ<\/td><td>93<\/td><\/tr><tr><td>CTE0713<\/td><td>CASTRO<\/td><td>ESCUELA RURAL PEDRO VEL\u00c1ZQUEZ BONTES<\/td><td>95<\/td><\/tr><tr><td>CTE0755<\/td><td>CASTRO<\/td><td>ESCUELA RURAL MIRTA OYARZO VERA<\/td><td>59<\/td><\/tr><tr><td>CTE1988<\/td><td>CASTRO<\/td><td>ESCUELA RURAL MANUELA CARDENAS BARRIA\/ESCUELA RURAL LOS \u00c1NGELES<\/td><td>61<\/td><\/tr><tr><td>CTE1367<\/td><td>CHONCHI<\/td><td>ESCUELA RURAL NALHUITAD\/ESCUELA RURAL RAUCO<\/td><td>54<\/td><\/tr><tr><td>CTE0779<\/td><td>COCHAM\u00d3<\/td><td>ESCUELA RURAL RIO PUELO<\/td><td>110<\/td><\/tr><tr><td>CTE0780<\/td><td>COCHAM\u00d3<\/td><td>ESCUELA RURAL RIO PUELO<\/td><td>133<\/td><\/tr><tr><td>CTE0781<\/td><td>COCHAM\u00d3<\/td><td>ESCUELA B\u00c1SICA FRONTERIZA JUAN SOLER MANFREDINI<\/td><td>87<\/td><\/tr><tr><td>CTE1229<\/td><td>COCHAM\u00d3<\/td><td>ESCUELA B\u00c1SICA FRONTERIZA JUAN SOLER MANFREDINI<\/td><td>118<\/td><\/tr><tr><td>CTE2002<\/td><td>CURACO DE V\u00c9LEZ<\/td><td>LICEO ALFREDO DEL CARMEN BARRIA OYARZUN<\/td><td>241<\/td><\/tr><tr><td>CTE2001<\/td><td>CURACO DE V\u00c9LEZ<\/td><td>LICEO ALFREDO DEL CARMEN BARRIA OYARZUN<\/td><td>70<\/td><\/tr><tr><td>CTE0030<\/td><td>DALCAHUE<\/td><td>ESCUELA RURAL MALLINLEMU<\/td><td>83<\/td><\/tr><tr><td>CTE0578<\/td><td>DALCAHUE<\/td><td>ESCUELA RURAL C\u00c9SAR G\u00d3MEZ GARC\u00cdA<\/td><td>22<\/td><\/tr><tr><td>CTE1989<\/td><td>DALCAHUE<\/td><td>ESCUELA B\u00c1SICA DALCAHUE\/LICEO POLIVALENTE DALCAHUE<\/td><td>22<\/td><\/tr><tr><td>CTE0656<\/td><td>FRESIA<\/td><td>ESCUELA RURAL SAN ANDRES\/ESCUELA B\u00c1SICA AGR\u00cdCOLA HUEMPELEO<\/td><td>33<\/td><\/tr><tr><td>CTE1243<\/td><td>FRESIA<\/td><td>LICEO CARLOS IB\u00c1\u00d1EZ DEL CAMPO\/ESCUELA B\u00c1SICA FRESIA<\/td><td>27<\/td><\/tr><tr><td>CTE2003<\/td><td>FRESIA<\/td><td>ESCUELA RURAL LUCILA GODOY ALCAYAGA\/ESCUELA RURAL OLGA SOTO ALVARADO\/ESCUELA RURAL ENTRE R\u00cdOS<\/td><td>35<\/td><\/tr><tr><td>CTE2004<\/td><td>FRESIA<\/td><td>LICEO CARLOS IB\u00c1\u00d1EZ DEL CAMPO\/ESCUELA B\u00c1SICA FRESIA<\/td><td>28<\/td><\/tr><tr><td>CTE2005<\/td><td>FRESIA<\/td><td>LICEO CARLOS IB\u00c1\u00d1EZ DEL CAMPO\/ESCUELA B\u00c1SICA FRESIA<\/td><td>69<\/td><\/tr><tr><td>CTE0642<\/td><td>FRUTILLAR<\/td><td>ESCUELA RURAL LOS LINARES DE CASMA<\/td><td>44<\/td><\/tr><tr><td>CTE0751<\/td><td>FRUTILLAR<\/td><td>LICEO INDUSTRIAL CHILENO-ALEM\u00c1N\/ESCUELA ARTURO ALESSANDRI PALMA\/ESCUELA BERNARDO PHILIPPI\/COLEGIO PARTICULAR N\u00b0 244 \u00abMADRE DE DIOS\u00bb\/LICEO IGNACIO CARRERA PINTO\/ESCUELA VICENTE PEREZ ROSALES\/GREEN COLLEGE<\/td><td>32<\/td><\/tr><tr><td>CTE0753<\/td><td>FRUTILLAR<\/td><td>LICEO INDUSTRIAL CHILENO-ALEM\u00c1N\/ESCUELA ARTURO ALESSANDRI PALMA\/ESCUELA BERNARDO PHILIPPI\/COLEGIO PARTICULAR N\u00b0 244 \u00abMADRE DE DIOS\u00bb\/ESCUELA CLAUDIO MATTE\/LICEO IGNACIO CARRERA PINTO\/ESCUELA VICENTE PEREZ ROSALES\/GREEN COLLEGE<\/td><td>29<\/td><\/tr><tr><td>CTE1196<\/td><td>FRUTILLAR<\/td><td>LICEO INDUSTRIAL CHILENO-ALEM\u00c1N\/ESCUELA ARTURO ALESSANDRI PALMA\/ESCUELA CLAUDIO MATTE\/LICEO IGNACIO CARRERA PINTO\/ESCUELA VICENTE PEREZ ROSALES<\/td><td>35<\/td><\/tr><tr><td>CTE1588<\/td><td>HUALAIHU\u00c9<\/td><td>COLEGIO MAURICIO HITCHCOCK<\/td><td>69<\/td><\/tr><tr><td>CTE1992<\/td><td>HUALAIHU\u00c9<\/td><td>ESCUELA RURAL N. 745 SEMILLERO<\/td><td>67<\/td><\/tr><tr><td>CTE1874<\/td><td>LLANQUIHUE<\/td><td>ESCUELA RURAL COLEGUAL<\/td><td>56<\/td><\/tr><tr><td>CTE1885<\/td><td>LLANQUIHUE<\/td><td>ESCUELA RURAL LOS PELLINES\/ESCUELA B\u00c1SICA GABRIELA MISTRAL\/ESCUELA IN\u00c9S GALLARDO ALVARADO\/LICEO POLIT\u00c9CNICO HOLANDA<\/td><td>56<\/td><\/tr><tr><td>CTE1891<\/td><td>LLANQUIHUE<\/td><td>ESCUELA B\u00c1SICA GABRIELA MISTRAL\/ESCUELA IN\u00c9S GALLARDO ALVARADO<\/td><td>139<\/td><\/tr><tr><td>CTE2006<\/td><td>LLANQUIHUE<\/td><td>ESCUELA B\u00c1SICA GABRIELA MISTRAL\/ESCUELA IN\u00c9S GALLARDO ALVARADO\/LICEO POLIT\u00c9CNICO HOLANDA<\/td><td>34<\/td><\/tr><tr><td>CTE2007<\/td><td>LLANQUIHUE<\/td><td>ESCUELA RURAL LONCOTORO\/ESCUELA B\u00c1SICA GABRIELA MISTRAL\/ESCUELA IN\u00c9S GALLARDO ALVARADO\/LICEO POLIT\u00c9CNICO HOLANDA<\/td><td>43<\/td><\/tr><tr><td>CTE0694<\/td><td>LOS MUERMOS<\/td><td>COLEGIO DE DIFUSI\u00d3N ART\u00cdSTICA LOS ULMOS\/LICEO PUNTA DE RIELES\/COLEGIO INGL\u00c9S MABEL CONDEMAR\u00cdN<\/td><td>29<\/td><\/tr><tr><td>CTE0698<\/td><td>LOS MUERMOS<\/td><td>ESCUELA RURAL MANUEL GATICA ARRIAGADA<\/td><td>39<\/td><\/tr><tr><td>CTE0711<\/td><td>LOS MUERMOS<\/td><td>COLEGIO DE DIFUSI\u00d3N ART\u00cdSTICA LOS ULMOS\/ESCUELA RURAL HUAUTRUNES\/LICEO PUNTA DE RIELES\/COLEGIO INGL\u00c9S MABEL CONDEMAR\u00cdN<\/td><td>43<\/td><\/tr><tr><td>CTE1221<\/td><td>LOS MUERMOS<\/td><td>ESCUELA RURAL YERBAS BUENAS<\/td><td>15<\/td><\/tr><tr><td>CTE1226<\/td><td>LOS MUERMOS<\/td><td>COLEGIO DE DIFUSI\u00d3N ART\u00cdSTICA LOS ULMOS\/LICEO PUNTA DE RIELES\/COLEGIO INGL\u00c9S MABEL CONDEMAR\u00cdN<\/td><td>40<\/td><\/tr><tr><td>CTE1227<\/td><td>LOS MUERMOS<\/td><td>ESCUELA RURAL CARACOL<\/td><td>14<\/td><\/tr><tr><td>CTE1284<\/td><td>LOS MUERMOS<\/td><td>COLEGIO DE DIFUSI\u00d3N ART\u00cdSTICA LOS ULMOS\/<br>ESCUELA RURAL CA\u00d1ITAS\/LICEO PUNTA DE RIELES\/COLEGIO INGL\u00c9S MABEL CONDEMAR\u00cdN<\/td><td>72<\/td><\/tr><tr><td>CTE1888<\/td><td>LOS MUERMOS<\/td><td>ESCUELA RURAL PARAGUAY CHICO<\/td><td>56<\/td><\/tr><tr><td>CTE2021<\/td><td>LOS MUERMOS<\/td><td>ESCUELA RURAL EL MELI<\/td><td>60<\/td><\/tr><tr><td>CTE2023<\/td><td>LOS MUERMOS<\/td><td>LICEO PUNTA DE RIELES\/ESCUELA RURAL EL SARAOS<\/td><td>16<\/td><\/tr><tr><td>CTE1206<\/td><td>MAULL\u00cdN<\/td><td>ESCUELA RURAL JUANITA GALLARDO<\/td><td>119<\/td><\/tr><tr><td>CTE1207<\/td><td>MAULL\u00cdN<\/td><td>ESCUELA RURAL LOS ARCES<\/td><td>56<\/td><\/tr><tr><td>CTE1285<\/td><td>MAULL\u00cdN<\/td><td>LICEO CARELMAPU<\/td><td>88<\/td><\/tr><tr><td>CTE1286<\/td><td>MAULL\u00cdN<\/td><td>LICEO CARELMAPU<\/td><td>71<\/td><\/tr><tr><td>CTE1508<\/td><td>MAULL\u00cdN<\/td><td>ESCUELA ENCARNACI\u00d3N OLIVARES<\/td><td>29<\/td><\/tr><tr><td>CTE1386<\/td><td>OSORNO<\/td><td>ESCUELA RURAL LUZ Y SABER<\/td><td>77<\/td><\/tr><tr><td>CTE1387<\/td><td>OSORNO<\/td><td>ESCUELA RURAL CANCHA LARGA<\/td><td>101<\/td><\/tr><tr><td>CTE2022<\/td><td>OSORNO<\/td><td>ESCUELA AGROECOL\u00d3GICA PICHIL<\/td><td>84<\/td><\/tr><tr><td>CTE0576<\/td><td>PALENA<\/td><td>ESCUELA ROBERTO WHITE GESELL\/ESCUELA RURAL EL TIGRE<\/td><td>28<\/td><\/tr><tr><td>CTE1217<\/td><td>PUERTO MONTT<\/td><td>ESCUELA RURAL LA VARA\/ESCUELA RURAL SENDA SUR<\/td><td>40<\/td><\/tr><tr><td>CTE1218<\/td><td>PUERTO MONTT<\/td><td>ESCUELA RURAL LOS COLONOS<\/td><td>59<\/td><\/tr><tr><td>CTE1584<\/td><td>PUERTO MONTT<\/td><td>ESCUELA RURAL CHINQUIHUE ALTO<\/td><td>40<\/td><\/tr><tr><td>CTE1585<\/td><td>PUERTO MONTT<\/td><td>ESCUELA RURAL HUELMO\/ESCUELA RURAL ILQUE<\/td><td>142<\/td><\/tr><tr><td>CTE1248<\/td><td>PUERTO OCTAY<\/td><td>ESCUELA RURAL EL ISLOTE RUPANCO<\/td><td>66<\/td><\/tr><tr><td>CTE1990<\/td><td>PUERTO OCTAY<\/td><td>ESCUELA RURAL LAS CASCADAS<\/td><td>72<\/td><\/tr><tr><td>CTE0573<\/td><td>PUERTO VARAS<\/td><td>COLEGIO VENCEDOR<\/td><td>105<\/td><\/tr><tr><td>CTE1993<\/td><td>PUERTO VARAS<\/td><td>ESCUELA RURAL EPSON DE ENSENADA\/ESCUELA GRUPO ESCOLAR\/LICEO PEDRO AGUIRRE CERDA<\/td><td>58<\/td><\/tr><tr><td>CTE0632<\/td><td>PUQUELD\u00d3N<\/td><td>ESCUELA RURAL ICHUAC<\/td><td>38<\/td><\/tr><tr><td>CTE0678<\/td><td>PUQUELD\u00d3N<\/td><td>ESCUELA RURAL SAN JUAN DE LINCAY\/ESCUELA PUQUELD\u00d3N<\/td><td>40<\/td><\/tr><tr><td>CTE1239<\/td><td>PUQUELD\u00d3N<\/td><td>ESCUELA RURAL SAN AGUST\u00cdN\/ESCUELA PUQUELD\u00d3N<\/td><td>40<\/td><\/tr><tr><td>CTE1242<\/td><td>PUQUELD\u00d3N<\/td><td>ESCUELA RURAL SANTA ROSA<\/td><td>48<\/td><\/tr><tr><td>CTE0665<\/td><td>PURRANQUE<\/td><td>ESCUELA BERTOLDO HOFFMANN KAHLER<\/td><td>61<\/td><\/tr><tr><td>CTE0669<\/td><td>PURRANQUE<\/td><td>ESCUELA RURAL ANTONIO SEGUNDO FERN\u00c1NDEZ PORTALES<\/td><td>18<\/td><\/tr><tr><td>CTE0809<\/td><td>PURRANQUE<\/td><td>ESCUELA RURAL LA PAZ<\/td><td>74<\/td><\/tr><tr><td>CTE0872<\/td><td>PURRANQUE<\/td><td>COLEGIO CRECER\/ESCUELA PURRANQUE\/ESCUELA VILLA LOS BURGOS<\/td><td>39<\/td><\/tr><tr><td>CTE0873<\/td><td>PURRANQUE<\/td><td>COLEGIO CRECER\/ESCUELA PURRANQUE\/ESCUELA VILLA LOS BURGOS<\/td><td>45<\/td><\/tr><tr><td>CTE0875<\/td><td>PURRANQUE<\/td><td>ESCUELA VILLA LO BURGOS<\/td><td>22<\/td><\/tr><tr><td>CTE1197<\/td><td>PURRANQUE<\/td><td>ESCUELA RURAL NUEVA ISRAEL<\/td><td>33<\/td><\/tr><tr><td>CTE0631<\/td><td>PUYEHUE<\/td><td>LICEO BICENTENARIO PEOPLE HELP PEOPLE DE PILMAIQUEN<\/td><td>89<\/td><\/tr><tr><td>CTE0653<\/td><td>PUYEHUE<\/td><td>ESCUELA RURAL ESTACI\u00d3N NUEVO PORVENIR<\/td><td>32<\/td><\/tr><tr><td>CTE1867<\/td><td>PUYEHUE<\/td><td>LICEO BICENTENARIO PEOPLE HELP PEOPLE DE PILMAIQUEN<\/td><td>30<\/td><\/tr><tr><td>CTE0605<\/td><td>QUEIL\u00c9N<\/td><td>COLEGIO TERRA NOVA<\/td><td>186<\/td><\/tr><tr><td>CTE1365<\/td><td>QUEIL\u00c9N<\/td><td>LICEO POLIVALENTE DE QUEIL\u00c9N<\/td><td>6<\/td><\/tr><tr><td>CTE2008<\/td><td>QUELL\u00d3N<\/td><td>LICEO POLIT\u00c9CNICO DE QUELL\u00d3N\/LICEO BICENTENARIO PAULO FREIRE\/LICEO RAYEN MAPU<\/td><td>141<\/td><\/tr><tr><td>CTE2009<\/td><td>QUELL\u00d3N<\/td><td>LICEO POLIT\u00c9CNICO DE QUELL\u00d3N\/LICEO BICENTENARIO PAULO FREIRE\/LICEO RAYEN MAPU<\/td><td>12<\/td><\/tr><tr><td>CTE0749<\/td><td>QUINCHAO<\/td><td>LICEO BICENTENARIO INSULAR<\/td><td>31<\/td><\/tr><tr><td>CTE1190<\/td><td>QUINCHAO<\/td><td>ESCUELA RURAL TERESA CARDENAS DE PAREDES<\/td><td>51<\/td><\/tr><tr><td>CTE1192<\/td><td>QUINCHAO<\/td><td>ESCUELA RURAL TERESA CARDENAS DE PAREDES<\/td><td>41<\/td><\/tr><tr><td>CTE1583<\/td><td>QUINCHAO<\/td><td>ESCUELA RURAL METAHUE\/ESCUELA RURAL OSTRICULTURA<\/td><td>60<\/td><\/tr><tr><td>CTE0807<\/td><td>R\u00cdO NEGRO<\/td><td>LICEO AGR\u00cdCOLA &#8216;VISTA HERMOSA&#8217;<\/td><td>106<\/td><\/tr><tr><td>CTE0808<\/td><td>R\u00cdO NEGRO<\/td><td>LICEO AGR\u00cdCOLA &#8216;VISTA HERMOSA&#8217;<\/td><td>80<\/td><\/tr><tr><td>CTE1507<\/td><td>R\u00cdO NEGRO<\/td><td>ESCUELA ANDREW JACKSON\/ESCUELA R\u00cdO NEGRO\/LICEO JOSE TORIBIO MEDINA<\/td><td>53<\/td><\/tr><tr><td>CTE0628<\/td><td>SAN JUAN DE LA COSTA<\/td><td>ESCUELA PARTICULAR N\u00b0 163 LAFQUELMAPU<\/td><td>21<\/td><\/tr><tr><td>CTE1511<\/td><td>SAN JUAN DE LA COSTA<\/td><td>COLEGIO T\u00c9CNICO PROFESIONAL MISI\u00d3N SAN JUAN DE LA COSTA<\/td><td>20<\/td><\/tr><tr><td>CTE2010<\/td><td>SAN JUAN DE LA COSTA<\/td><td>ESCUELA RURAL LOMA DE LA PIEDRA\/ESCUELA RURAL PU\u00d1INQUE<\/td><td>34<\/td><\/tr><tr><td>CTE2011<\/td><td>SAN JUAN DE LA COSTA<\/td><td>ESCUELA RURAL LIUCURA\/ESCUELA RURAL PURREHUIN<\/td><td>30<\/td><\/tr><tr><td>CTE2012<\/td><td>SAN JUAN DE LA COSTA<\/td><td>ESCUELA RURAL PUAUCHO\/LICEO POLIT\u00c9CNICO ANTULAFKEN<\/td><td>156<\/td><\/tr><tr><td>CTE2013<\/td><td>SAN JUAN DE LA COSTA<\/td><td>COLEGIO T\u00c9CNICO PROFESIONAL MISI\u00d3N SAN JUAN DE LA COSTA<\/td><td>93<\/td><\/tr><tr><td>CTE2014<\/td><td>SAN JUAN DE LA COSTA<\/td><td>COLEGIO T\u00c9CNICO PROFESIONAL MISI\u00d3N SAN JUAN DE LA COSTA<\/td><td>123<\/td><\/tr><tr><td>CTE0598<\/td><td>SAN PABLO<\/td><td>ESCUELA RURAL LA POZA<\/td><td>56<\/td><\/tr><tr><td>CTE0603<\/td><td>SAN PABLO<\/td><td>ESCUELA PARTICULAR N.153 EL ROBLE<\/td><td>36<\/td><\/tr><tr><td>CTE0611<\/td><td>SAN PABLO<\/td><td>ESCUELA RURAL QUILEN<\/td><td>63<\/td><\/tr><tr><td>CTE0629<\/td><td>SAN PABLO<\/td><td>ESCUELA RURAL JULIO MOHR SCHULER<\/td><td>20<\/td><\/tr><tr><td>CTE0634<\/td><td>SAN PABLO<\/td><td>ESCUELA RURAL TRUMAO<\/td><td>16<\/td><\/tr><tr><td>CTE0651<\/td><td>SAN PABLO<\/td><td>ESCUELA PARTICULAR N\u00b0 146 ROSARIO DE LAS \u00c1NIMAS<\/td><td>44<\/td><\/tr><tr><td>CTE0658<\/td><td>SAN PABLO<\/td><td>ESCUELA RURAL VILLA CARACOL<\/td><td>11<\/td><\/tr><tr><td>CTE1586<\/td><td>SAN PABLO<\/td><td>COLEGIO QUILACAHUIN<\/td><td>29<\/td><\/tr><\/tbody><\/table><\/figure>\n","protected":false},"excerpt":{"rendered":"<p>\u2022\tM\u00e1s de $2 mil 800 millones anuales del Fondo Espejo dispondr\u00e1 el Ministerio de Transportes y Telecomunicaciones para implementar estos recorridos, que operar\u00e1n en sectores aislados y rurales de 26 comunas de la regi\u00f3n.  Estos servicios se suman a otros 46 que tienen contrato vigente con el MTT. En total ser\u00e1n 145 servicios de Transporte Escolar Gratuito que beneficiar\u00e1n a casi 9 mil ni\u00f1os.  <\/p>\n","protected":false},"author":1,"featured_media":1824,"comment_status":"closed","ping_status":"closed","sticky":false,"template":"","format":"standard","meta":{"footnotes":""},"categories":[3,9],"tags":[],"class_list":["post-1821","post","type-post","status-publish","format-standard","has-post-thumbnail","hentry","category-al-dia","category-gobierno"],"_links":{"self":[{"href":"https:\/\/www.semanariolocal.cl\/index.php?rest_route=\/wp\/v2\/posts\/1821","targetHints":{"allow":["GET"]}}],"collection":[{"href":"https:\/\/www.semanariolocal.cl\/index.php?rest_route=\/wp\/v2\/posts"}],"about":[{"href":"https:\/\/www.semanariolocal.cl\/index.php?rest_route=\/wp\/v2\/types\/post"}],"author":[{"embeddable":true,"href":"https:\/\/www.semanariolocal.cl\/index.php?rest_route=\/wp\/v2\/users\/1"}],"replies":[{"embeddable":true,"href":"https:\/\/www.semanariolocal.cl\/index.php?rest_route=%2Fwp%2Fv2%2Fcomments&post=1821"}],"version-history":[{"count":1,"href":"https:\/\/www.semanariolocal.cl\/index.php?rest_route=\/wp\/v2\/posts\/1821\/revisions"}],"predecessor-version":[{"id":1825,"href":"https:\/\/www.semanariolocal.cl\/index.php?rest_route=\/wp\/v2\/posts\/1821\/revisions\/1825"}],"wp:featuredmedia":[{"embeddable":true,"href":"https:\/\/www.semanariolocal.cl\/index.php?rest_route=\/wp\/v2\/media\/1824"}],"wp:attachment":[{"href":"https:\/\/www.semanariolocal.cl\/index.php?rest_route=%2Fwp%2Fv2%2Fmedia&parent=1821"}],"wp:term":[{"taxonomy":"category","embeddable":true,"href":"https:\/\/www.semanariolocal.cl\/index.php?rest_route=%2Fwp%2Fv2%2Fcategories&post=1821"},{"taxonomy":"post_tag","embeddable":true,"href":"https:\/\/www.semanariolocal.cl\/index.php?rest_route=%2Fwp%2Fv2%2Ftags&post=1821"}],"curies":[{"name":"wp","href":"https:\/\/api.w.org\/{rel}","templated":true}]}}