{"id":1817,"date":"2021-09-07T14:49:28","date_gmt":"2021-09-07T17:49:28","guid":{"rendered":"https:\/\/www.semanariolocal.cl\/?p=1817"},"modified":"2021-09-07T14:49:32","modified_gmt":"2021-09-07T17:49:32","slug":"9-ongs-entregan-propuestas-para-garantizar-derechos-de-los-mas-vulnerables","status":"publish","type":"post","link":"https:\/\/www.semanariolocal.cl\/?p=1817","title":{"rendered":"9 ONGs entregan propuestas  para garantizar derechos de los m\u00e1s vulnerables"},"content":{"rendered":"\n<p style=\"font-size:17px\">Nueve importantes organizaciones de la sociedad civil reconocidas por su experiencia y trabajo directo con poblaciones vulneradas, se articularon para desarrollar el documento \u201cConstituci\u00f3n y&nbsp; Pobreza\u201d el que tiene como objetivo contribuir al di\u00e1logo constitucional por medio de propuestas&nbsp; para mejorar el bienestar de poblaciones especialmente&nbsp; excluidas en Chile. Para ello, se presenta un diagn\u00f3stico&nbsp; de las principales brechas en el cumplimiento de derechos humanos en \u00e1reas transversales del bienestar y en relaci\u00f3n a grupos especialmente vulnerables.<\/p>\n\n\n\n<p style=\"font-size:17px\">La realidad y las demandas de mujeres madres de familia; ni\u00f1os, ni\u00f1as y adolescentes excluidos del sistema escolar; personas en situaci\u00f3n de calle, personas migrantes, con discapacidad y privadas de libertad; pueblo mapuche, entre otros grupos espec\u00edficos, est\u00e1n contenidas en el texto que ser\u00e1 recibido este martes 8 de septiembre a las 4 de la tarde por Elisa Loncon, presidente de la <a href=\"about:blank\">Convenci\u00f3n Constitucional de Chile<\/a>, instituci\u00f3n representativa creada para la redacci\u00f3n del&nbsp;<a href=\"about:blank\">proyecto de Constituci\u00f3n<\/a>&nbsp;que ser\u00e1 sometida a plebiscito en el marco del&nbsp;<a href=\"about:blank\">proceso constituyente<\/a>&nbsp;en curso.<\/p>\n\n\n\n<p style=\"font-size:17px\">Fundaci\u00f3n S\u00famate, Fundaci\u00f3n Emplea, Techo-Chile y Fundaci\u00f3n Vivienda, Fondo Esperanza, Infocap, Espacio Mandela, Servicio Jesuita a Migrantes, Centro Vives de la Universidad Alberto Hurtado, Comunidad Jesuita de Tir\u00faa y Hogar de Cristo, trabajaron en la propuestas que ser\u00e1n entregadas a Elisa Loc\u00f3n este martes y posteriormente expuestas en el ampliado de la Comisi\u00f3n Descentralizaci\u00f3n, Equidad y Justicia Territorial a fines de este mes.&nbsp;&nbsp;&nbsp;&nbsp; &nbsp;&nbsp;&nbsp;&nbsp;&nbsp;&nbsp;<\/p>\n\n\n\n<p style=\"font-size:17px\">Juan Crist\u00f3bal Romero, director ejecutivo del Hogar de Cristo; Vicente Stiepovich, director social de Techo-Chile; acompa\u00f1ados de una alumna Escuela de Reingreso Betania, de La Granja, y de la dirigente vecinal del Cerro 18, Lo Barnechea, Melany Salas, entregar\u00e1n el trabajo a la presidenta Loncon.<\/p>\n\n\n\n<p style=\"font-size:17px\">El director ejecutivo del Hogar de Cristo explica el prop\u00f3sito de la alianza: \u201cUna convivencia social arm\u00f3nica requiere reducir las enormes brechas entre los estratos socioecon\u00f3micos m\u00e1s privilegiados y los m\u00e1s desventajados, lo cual implica que los grupos especialmente vulnerables descritos en este documento sean parte de las discusiones en pos de la Nueva Constituci\u00f3n, y puedan ocupar un lugar dentro de esta nueva carta magna. Para alcanzar la inclusi\u00f3n plena y efectiva de las personas en situaci\u00f3n de pobreza, vulnerabilidad y exclusi\u00f3n se requieren cambios sociales en distintos niveles y con diferentes grados de profundidad, consagrando el reconocimiento de las personas como titulares de derechos en relaci\u00f3n a recursos imprescindibles\u201d. Juan Crist\u00f3bal Romero destaca que la raz\u00f3n del estallido social se explica en \u201cuna suerte de <em>l\u00f3gica de la postergaci\u00f3n<\/em> de los grupos m\u00e1s pobres y vulnerables, a quienes no se les hace part\u00edcipes de la soluci\u00f3n de sus problemas. No se les pregunta, no se les oye, no se les considera. Creemos que este es el momento hist\u00f3rico de hacerlo\u201d. &nbsp;<\/p>\n\n\n\n<p style=\"font-size:17px\">Vicente Stiepovich, director social de Techo Chile y Fundaci\u00f3n Vivienda comenta que desde la instituci\u00f3n buscan poder acercar a las familias con que trabajan a la creaci\u00f3n de la nueva Constituci\u00f3n: \u201cPara nosotros es muy relevante que las familias m\u00e1s excluidas tengan voz y sean escuchadas. Y, en parte, a trav\u00e9s de este documento, estamos poniendo al servicio de la Convenci\u00f3n nuestro v\u00ednculo, cercan\u00eda y trabajo permanente con esas familias. Esta alianza naci\u00f3 para poder levantar de forma sistem\u00e1tica, inquietudes, necesidades y propuestas de las personas con las que trabajamos, y poder as\u00ed, construir un documento que refleje eso. Creemos que las personas m\u00e1s vulnerables son las que m\u00e1s necesitan apoyo del Estado, y es por eso que nosotros vamos a poner todo lo que est\u00e9 a nuestra disposici\u00f3n para seguir acerc\u00e1ndolas con este tipo de instancias\u201d.<\/p>\n\n\n\n<p style=\"font-size:17px\">El mayor valor de estas ponencias es que surgen de las personas m\u00e1s postergadas del pa\u00eds, las que sin embargo, como Francisca Prat, alumna de Fundaci\u00f3n S\u00famate, quien ha logrado recuperar su derecho a la educaci\u00f3n, est\u00e1n esperanzadas en que -parafraseando el famoso poema del uruguayo Eduardo Galeano, Los Nadies-, \u201cla nueva Constituci\u00f3n nos considere seres humanos y no recursos humanos, nos ponga nombres y no n\u00fameros, y valore nuestras caras y no s\u00f3lo nuestros brazos y fuerza de trabajo. Queremos ser considerados y este texto sirve para que nuestra realidad sea tomada en cuenta y nuestros derechos garantizados\u201d. Melany Salas, dirigente vecinal del Cerro 18 de Lo Barnechea, por su parte, sostiene: \u201cSo\u00f1amos con dejar de ser los sin casa, sin privacidad, sin un espacio propio. Queremos que tal como cumplimos con nuestras obligaciones como ciudadanos, nos respeten nuestros derechos b\u00e1sicos, donde para m\u00ed la vivienda es el m\u00e1s importante\u201d.<\/p>\n","protected":false},"excerpt":{"rendered":"<p>\u2022\tTecho-Chile y Fundaci\u00f3n Vivienda, Fondo Esperanza, Infocap, Espacio Mandela, Servicio Jesuita a Migrantes, Centro Vives de la Universidad Alberto Hurtado, Comunidad Jesuita de Tir\u00faa y Hogar de Cristo se unieron para recoger las demandas de los grupos m\u00e1s excluidos de Chile y convertirlos en propuestas constitucionales.<br \/>\n\u2022\tEste martes 7 de septiembre a las 4 de la tarde, Elisa Loncon recibir\u00e1 el documento \u201cConstituci\u00f3n y Pobreza\u201d. A finales de mes est\u00e1 programado que su contenido se presente en sesi\u00f3n ampliada a la Comisi\u00f3n de Descentralizaci\u00f3n, Equidad y Justicia Territorial de la Convenci\u00f3n Constituyente.<br \/>\n\u2022\tLa propuesta incluye un video donde mujeres, adultos mayores, personas en situaci\u00f3n de calle, personas con discapacidad, personas privadas de libertad, personas migrantes y pueblo mapuche, ni\u00f1os, ni\u00f1as y adolescentes, expresan el anhelo de dejar de ser \u201cnadies\u201d y que sus derechos sean considerados. Velo aqu\u00ed: https:\/\/youtu.be\/eJxFiETTeTA<\/p>\n","protected":false},"author":1,"featured_media":1818,"comment_status":"closed","ping_status":"closed","sticky":false,"template":"","format":"standard","meta":{"footnotes":""},"categories":[3],"tags":[],"class_list":["post-1817","post","type-post","status-publish","format-standard","has-post-thumbnail","hentry","category-al-dia"],"_links":{"self":[{"href":"https:\/\/www.semanariolocal.cl\/index.php?rest_route=\/wp\/v2\/posts\/1817","targetHints":{"allow":["GET"]}}],"collection":[{"href":"https:\/\/www.semanariolocal.cl\/index.php?rest_route=\/wp\/v2\/posts"}],"about":[{"href":"https:\/\/www.semanariolocal.cl\/index.php?rest_route=\/wp\/v2\/types\/post"}],"author":[{"embeddable":true,"href":"https:\/\/www.semanariolocal.cl\/index.php?rest_route=\/wp\/v2\/users\/1"}],"replies":[{"embeddable":true,"href":"https:\/\/www.semanariolocal.cl\/index.php?rest_route=%2Fwp%2Fv2%2Fcomments&post=1817"}],"version-history":[{"count":1,"href":"https:\/\/www.semanariolocal.cl\/index.php?rest_route=\/wp\/v2\/posts\/1817\/revisions"}],"predecessor-version":[{"id":1819,"href":"https:\/\/www.semanariolocal.cl\/index.php?rest_route=\/wp\/v2\/posts\/1817\/revisions\/1819"}],"wp:featuredmedia":[{"embeddable":true,"href":"https:\/\/www.semanariolocal.cl\/index.php?rest_route=\/wp\/v2\/media\/1818"}],"wp:attachment":[{"href":"https:\/\/www.semanariolocal.cl\/index.php?rest_route=%2Fwp%2Fv2%2Fmedia&parent=1817"}],"wp:term":[{"taxonomy":"category","embeddable":true,"href":"https:\/\/www.semanariolocal.cl\/index.php?rest_route=%2Fwp%2Fv2%2Fcategories&post=1817"},{"taxonomy":"post_tag","embeddable":true,"href":"https:\/\/www.semanariolocal.cl\/index.php?rest_route=%2Fwp%2Fv2%2Ftags&post=1817"}],"curies":[{"name":"wp","href":"https:\/\/api.w.org\/{rel}","templated":true}]}}