{"id":1814,"date":"2021-09-07T14:44:20","date_gmt":"2021-09-07T17:44:20","guid":{"rendered":"https:\/\/www.semanariolocal.cl\/?p=1814"},"modified":"2021-09-07T14:44:20","modified_gmt":"2021-09-07T17:44:20","slug":"conoce-chile-milk-con-marca-estrategica-buscan-posicionar-leche-chilena-en-el-mundo","status":"publish","type":"post","link":"https:\/\/www.semanariolocal.cl\/?p=1814","title":{"rendered":"\u00bf Conoce Chile Milk ? Con marca estrat\u00e9gica buscan posicionar leche chilena en el mundo"},"content":{"rendered":"\n<p style=\"font-size:17px\">Desde el trabajo realizado por el Programa Territorial Integrado de la Leche (PTI Lechero) junto a los gremios &nbsp;Aproleche, Agrollanquihue y Acoleche en coordinaci\u00f3n con Corfo Los Lagos y Prochile, se &nbsp;cre\u00f3 una nueva marca sectorial, la cual se encuentra en etapa de inscripci\u00f3n ante el Instituto Nacional de Propiedad Industrial (INAPI), denominada&nbsp;<strong>\u201cChile Milk\u201d&nbsp;<\/strong><a href=\"http:\/\/www.chilemik.cl\/\" target=\"_blank\" rel=\"noreferrer noopener\"><strong>www.chilemik.cl<\/strong><\/a><strong>&nbsp;&nbsp;<\/strong>con el fin de posicionar los productos l\u00e1cteos chilenos en los mercados seleccionados.<\/p>\n\n\n\n<p style=\"font-size:17px\">Marcos Winkler, Presidente Fedeleche y Aproleche Osorno expres\u00f3 que ChileMilk fortalecer\u00e1 la posici\u00f3n del sector l\u00e1cteo chileno en el mercado mundial: \u201cproducimos una leche premium como pa\u00eds, no hay mucha en el mundo que se le iguale. Para distinguir y resaltar sus atributos, a trav\u00e9s de la marca sectorial ChileMilk, y en alianza con ProChile, impulsamos lo que significa este gran hito para nuestro sector lechero\u201d.<\/p>\n\n\n\n<p style=\"font-size:17px\">ProChile cuenta con un programa de marcas sectoriales, que apoya a las asociaciones gremiales para promocionar sus productos en el extranjero. Las marcas sectoriales se obtienen tras un concurso p\u00fablico para proyectos que buscan potenciar un determinado sector productivo nacional, mediante la creaci\u00f3n e implementaci\u00f3n de una marca que sea representativa de dicho sector.<\/p>\n\n\n\n<p style=\"font-size:17px\">\u201cCon ChileMilk posicionaremos nuestra leche en el mercado mundial de la mano de esta nueva marca sectorial, y que sienta el compromiso del gremio con la internacionalizaci\u00f3n de nuestra leche, englobando a toda la producci\u00f3n l\u00e1ctea nacional, bajo una estrategia que apoya el dise\u00f1o, la implementaci\u00f3n y el fortalecimiento del posicionamiento internacional de los productos l\u00e1cteos chilenos\u201d, enfatiz\u00f3 el presidente de Fedeleche.<\/p>\n\n\n\n<p style=\"font-size:17px\">\u201cEstamos muy entusiasmados con el potencial que presenta la marca ChileMilk, que nos contribuir\u00e1 al reforzamiento de la imagen de nuestro pa\u00eds en el comercio exterior de productos l\u00e1cteos premium al relevar los atributos \u00fanicos de nuestra leche chilena en cuanto a origen, nutrici\u00f3n, sustentabilidad y bienestar animal\u201d, asever\u00f3 el presidente gremial.<\/p>\n\n\n\n<p style=\"font-size:17px\">En tanto, Rodrigo Carrasco, Director de Corfo Los Lagos dijo que esta marca se ha transformado en una marca pa\u00eds luego de un arduo esfuerzo de coordinaci\u00f3n desde un programa territorial integrado que articulamos desde la Corfo, una marca pa\u00eds que revela como el mundo l\u00e1cteo avanz\u00f3 hacia la sustentabilidad de sus procesos marcando un sello de compromiso con el bienestar animal, la vanguardia de \u00faltimas tecnolog\u00edas, los sistemas de producci\u00f3n y la calidad de sus productos, esta gran marca nos posibilita mostrarnos al mundo con una sola imagen, con el objetivo de transmitir las caracter\u00edsticas y atributos de la leche que se producen no\u00a0 s\u00f3lo en el Sur de Chile, de esta manera apuntamos a estar posicionados en distintos mercados, siendo reconocidos como productores y exportadores de leche y productos l\u00e1cteos de alta calidad y sustentables\u201d, se\u00f1al\u00f3.<\/p>\n","protected":false},"excerpt":{"rendered":"<p>Para Chile el sector de alimentos tiene una tremenda importancia, ha sido el motor de la econom\u00eda durante varios a\u00f1os y le ha permitido posicionarse en los mercados internacionales m\u00e1s exigentes.<\/p>\n","protected":false},"author":1,"featured_media":1815,"comment_status":"closed","ping_status":"closed","sticky":false,"template":"","format":"standard","meta":{"footnotes":""},"categories":[20,3,12],"tags":[],"class_list":["post-1814","post","type-post","status-publish","format-standard","has-post-thumbnail","hentry","category-agro","category-al-dia","category-economia"],"_links":{"self":[{"href":"https:\/\/www.semanariolocal.cl\/index.php?rest_route=\/wp\/v2\/posts\/1814","targetHints":{"allow":["GET"]}}],"collection":[{"href":"https:\/\/www.semanariolocal.cl\/index.php?rest_route=\/wp\/v2\/posts"}],"about":[{"href":"https:\/\/www.semanariolocal.cl\/index.php?rest_route=\/wp\/v2\/types\/post"}],"author":[{"embeddable":true,"href":"https:\/\/www.semanariolocal.cl\/index.php?rest_route=\/wp\/v2\/users\/1"}],"replies":[{"embeddable":true,"href":"https:\/\/www.semanariolocal.cl\/index.php?rest_route=%2Fwp%2Fv2%2Fcomments&post=1814"}],"version-history":[{"count":1,"href":"https:\/\/www.semanariolocal.cl\/index.php?rest_route=\/wp\/v2\/posts\/1814\/revisions"}],"predecessor-version":[{"id":1816,"href":"https:\/\/www.semanariolocal.cl\/index.php?rest_route=\/wp\/v2\/posts\/1814\/revisions\/1816"}],"wp:featuredmedia":[{"embeddable":true,"href":"https:\/\/www.semanariolocal.cl\/index.php?rest_route=\/wp\/v2\/media\/1815"}],"wp:attachment":[{"href":"https:\/\/www.semanariolocal.cl\/index.php?rest_route=%2Fwp%2Fv2%2Fmedia&parent=1814"}],"wp:term":[{"taxonomy":"category","embeddable":true,"href":"https:\/\/www.semanariolocal.cl\/index.php?rest_route=%2Fwp%2Fv2%2Fcategories&post=1814"},{"taxonomy":"post_tag","embeddable":true,"href":"https:\/\/www.semanariolocal.cl\/index.php?rest_route=%2Fwp%2Fv2%2Ftags&post=1814"}],"curies":[{"name":"wp","href":"https:\/\/api.w.org\/{rel}","templated":true}]}}