{"id":1811,"date":"2021-09-07T14:40:57","date_gmt":"2021-09-07T17:40:57","guid":{"rendered":"https:\/\/www.semanariolocal.cl\/?p=1811"},"modified":"2021-09-07T14:40:58","modified_gmt":"2021-09-07T17:40:58","slug":"autoridades-hacen-tradicional-llamado-a-disfrutar-de-un-18-seguro","status":"publish","type":"post","link":"https:\/\/www.semanariolocal.cl\/?p=1811","title":{"rendered":"Autoridades hacen tradicional llamado a disfrutar de un \u201c18 Seguro\u201d"},"content":{"rendered":"\n<p style=\"font-size:17px\">\u201cPese a que este a\u00f1o la situaci\u00f3n sanitaria en Chile es mucho mejor que la del a\u00f1o anterior, no queremos que en estas Fiestas Patrias haya un relajo en las medidas de autocuidado. La variante delta est\u00e1 presente en nuestro pa\u00eds, lo que nos llama a estar alertas y tomar estas festividades con precauci\u00f3n y mucha atenci\u00f3n. Por ello, el llamado es a la precauci\u00f3n y el autocuidado, a celebrar las Fiestas Patrias con responsabilidad y evitar todo tipo de riesgos en el tr\u00e1nsito, principalmente a la hora de conducir\u201d indic\u00f3 el Delegado Presidencial desde la capital chilota.<\/p>\n\n\n\n<p style=\"font-size:17px\">Ese fue el mensaje que entreg\u00f3 este mediod\u00eda el Delegado Carlos Geisse desde Castro &nbsp;junto con Carabineros, Autoridad Sanitaria y otras instituciones,&nbsp;apelaron a la responsabilidad y al autocuidado de la poblaci\u00f3n para las Fiesta Patrias.<\/p>\n\n\n\n<p style=\"font-size:17px\">\u201cAhora el 18 Seguro es Parte Por Casa,&nbsp; tenemos mayores libertades respecto al a\u00f1o pasado porque estamos en una mejor fase hoy se reportan solo 5 casos de covid en toda la regi\u00f3n estamos en una muy buena situaci\u00f3n, pero tenemos que cuidarnos mantener el autocuidado porque la variante Delta la tenemos presente en la regi\u00f3n y por eso en estas Fiestas Patrias debemos cuidarnos (\u2026) &nbsp;ya el d\u00eda 16 a las 15 horas comienzan las restricciones y en cuanto al aforo son 300 personas como m\u00e1ximo en recintos abiertos y m\u00e1ximo 100 personas en recinto cerrado con pase de movilidad. Es importante que se respeten estas normas que las personas que asisten a estas juntas sean ojal\u00e1 familiares de barrios y sectores y que no asistan a lugares de alta afluencia de personas porque ese es el foco donde pueden producirse los contagios\u201d.<\/p>\n\n\n\n<p style=\"font-size:17px\">Agreg\u00f3 que \u201cen fase 1 y 2 Cuarentena y Transici\u00f3n no est\u00e1n permitidas las actividades sociales y que habr\u00e1 controles por parte de Carabineros, y SENDA se va a controlar porque queremos tener un 18 Seguro\u201d.<\/p>\n\n\n\n<p style=\"font-size:17px\">Sobre los protocolos sanitarios para estas fechas la jefa Provincial Chilo\u00e9 de la Seremi de Salud Los Lagos, Mar\u00eda Fernanda Matamala, asegur\u00f3 que se implementar\u00e1n en la toda la provincia puntos de fiscalizaci\u00f3n, controles y difusi\u00f3n educativa orientado a todos los ciudadanos que participen celebraciones en evento privados, particulares como aquellos m\u00e1s masivos. \u201cSe est\u00e1 haciendo el llamado a que se haga con prudencia, que las personas asistan siempre y cuando cumplan con la normativa, es decir que tengan el pase movilidad, si est\u00e1n en recinto cerrado o abierto, que se cumplan con los aforos\u201d.<\/p>\n\n\n\n<p style=\"font-size:17px\">La profesional de Salud, adem\u00e1s se\u00f1al\u00f3 que se van a establecer puntos de toma de PCR y de ex\u00e1menes de ant\u00edgenos, \u201cporque si bien estamos en una situaci\u00f3n epidemiol\u00f3gica mucho mejor que lo que fue el a\u00f1o pasado, sin embargo, si no nos testeamos no vamos a saber si estamos contagiados o no, por lo tanto, el llamado del Ministerio de Salud a nivel provincial es a testearse para evitar un contagio masivo\u201d.<\/p>\n\n\n\n<p style=\"font-size:17px\">Por su parte, el Prefecto de la Prefectura de Carabineros Chilo\u00e9, Coronel Pedro \u00c1lvarez hizo hincapi\u00e9 que los servicios policiales estar\u00e1n dispuestos para que exista seguridad en todas las actividades, \u201cnuestro despliegue de operativos ser\u00e1 el mismo de siempre, reforz\u00e1ndose en algunos horarios para prevenir que no ocurran accidentes y que las personas transiten con la mayor seguridad posible. En la provincia de Chilo\u00e9 tenemos trece comunas y en todas ellas tenemos cuarteles de Carabineros, y est\u00e1n en todas estas unidades planificados los servicios y personal dispuesto para ello\u201d.<\/p>\n\n\n\n<p style=\"font-size:17px\">Al ser consultado si se reforzar\u00e1 los dispositivos en el sector de Chacao, el Prefecto \u00c1lvarez, indic\u00f3 que \u201cactualmente est\u00e1n con controles diarios, el cual depender\u00e1 de la demanda y oferta se va a desplegar mayor cantidad de personal, seg\u00fan la cantidad de procedimientos que se generen y del comportamiento de las personas\u201d.<\/p>\n\n\n\n<p style=\"font-size:17px\">En tanto, el Gobernador Mar\u00edtimo de Castro,&nbsp;Felipe Hern\u00e1ndez se\u00f1al\u00f3 \u201c por parte de la Autoridad Mar\u00edtima reforzaremos la actividad de fiscalizaci\u00f3n &nbsp;para prevenir los accidentes en los&nbsp; controles de embarco movimientos de embarcaciones eso est\u00e1 previsto y planificado y desde hace un tiempo a esta parte hemos estado&nbsp; incrementado los controles de locomoci\u00f3n colectiva y veh\u00edculos particulares en el cruce Canal Chacao no tan solo focalizado en el fin de semana de Fiestas Patrias sino en las actividades previas que se est\u00e1n desarrollando\u201d.<\/p>\n\n\n\n<p style=\"font-size:17px\">Mientras que desde SENDA la coordinadora comunal Mar\u00eda Jos\u00e9 Vargas explic\u00f3 que las fiscalizaciones ya se iniciaron en el mes de agosto en el marco de la modificaci\u00f3n de la Ley de Alcoholes y asegur\u00f3 que prontamente se trasladar\u00e1n al sector rural para abordar el tema preventivo con los locatarios. En la oportunidad record\u00f3 la importancia de promover \u201cTolerancia Cero\u201d en estas celebraciones, \u201cdebemos ser responsable con el consumo de alcohol para este 18 de septiembre, estas fiestas son entretenidas y causan momentos lindos para compartir en familia\u201d, indic\u00f3 Vargas.<\/p>\n\n\n\n<p style=\"font-size:17px\">Finalmente, el jefe subrogante de la Prefectura Provincial Chilo\u00e9, subprefecto Alejandro Pino dijo \u201cla Polic\u00eda de Investigaciones de alguna forma rompe la inercia de la actividad habitual con la actividad investigativa y apoya con la actividad preventiva controlando y evitando que sucedan aglomeraciones y apoyar al llamado del Gobierno y la autoridad de salud\u201d.<\/p>\n\n\n\n<p style=\"font-size:17px\"><strong>PLAN 18 SEGURO PARTE POR CASA<\/strong><\/p>\n\n\n\n<p style=\"font-size:17px\">Tiene como \u00e9nfasis fomentar la organizaci\u00f3n de actividades familiares y\/o barriales. La idea es celebrar con la familia, los amigos y los conocidos de tu barrio. De esta manera, podr\u00e1n ser unas celebraciones m\u00e1s seguras y en un ambiente mucho m\u00e1s protegido que el que entregan los eventos masivos con muchas aglomeraciones.<\/p>\n\n\n\n<p style=\"font-size:17px\">Para este 17, 18 y 19 de septiembre el plan modificar\u00e1 los aforos establecidos para los eventos con interacci\u00f3n de asistentes, lo que corresponder\u00eda a la realizaci\u00f3n de peque\u00f1as fondas. El resto de medidas seguir\u00e1 tal como las conocemos en el plan Paso a Paso.<\/p>\n\n\n\n<p style=\"font-size:17px\">En comunas en Cuarentena y Transici\u00f3n los eventos masivos estar\u00e1n prohibidos. En el caso de las comunas que est\u00e9n en Preparaci\u00f3n y Apertura, se homologar\u00e1n los aforos permitidos para estos eventos, privilegiando a quienes tengan su Pase de Movilidad. Esto es en espacio abierto hasta 300 personas con pase de movilidad y en espacio cerrado hasta 100 personas con pase de movilidad. Un recinto no puede sumar espacios abiertos y cerrados y no se podr\u00e1 exceder de 1 persona por cada 6 m2.<\/p>\n\n\n\n<p style=\"font-size:17px\">En el caso de realizar una reuni\u00f3n social en el hogar, este mantendr\u00e1 los aforos que est\u00e1n establecidos en el plan Paso a Paso: en Preparaci\u00f3n m\u00e1ximo 20 personas con pase de movilidad y en Apertura 40. En Cuarentena y en Transici\u00f3n, por ser fin de semana, est\u00e1n prohibidas.<\/p>\n\n\n\n<p style=\"font-size:17px\">No habr\u00e1 cordones sanitarios ni aduanas espec\u00edficas. Es importante recalcar que no se permiten actividades sociales en horario de toque de queda. Todos estos cambios comenzar\u00e1n a regir a las 15:00 horas del jueves 16 de septiembre.<\/p>\n\n\n\n<p style=\"font-size:17px\">El plan \u201c18 seguro\u201d contempla el reforzamiento de controles de velocidad, de alcohol y drogas en la conducci\u00f3n, y la entrega de recomendaciones para prevenir los siniestros de tr\u00e1nsito y salvar vidas.<\/p>\n\n\n\n<p style=\"font-size:17px\">Se reforzar\u00e1n los controles preventivos en sectores estrat\u00e9gicos de las distintas ciudades del pa\u00eds, en los que participan Carabineros y funcionarios del Senda, realizando alcoholemias y ex\u00e1menes de sangre para la detecci\u00f3n de drogas y\/o alcohol.<\/p>\n\n\n\n<p style=\"font-size:17px\">Tambi\u00e9n se realizar\u00e1 fiscalizaci\u00f3n en los viajes entre regiones en buses con tres ejes principales: el control a las condiciones t\u00e9cnicas y de seguridad de las m\u00e1quinas interurbanas y rurales; la fiscalizaci\u00f3n al cumplimiento del protocolo sanitario que existe para los servicios interregionales; y la fiscalizaci\u00f3n al transporte informal en los alrededores de terminales.<\/p>\n","protected":false},"excerpt":{"rendered":"<p>Desde el puente Gamboa en la comuna de Castro las autoridades encabezadas por el Delegado Presidencial, Carlos Geisse llamaron a la comunidad a festejar las Fiestas Patrias que se avecinan con responsabilidad y autocuidado.<\/p>\n","protected":false},"author":1,"featured_media":1812,"comment_status":"closed","ping_status":"closed","sticky":false,"template":"","format":"standard","meta":{"footnotes":""},"categories":[3],"tags":[],"class_list":["post-1811","post","type-post","status-publish","format-standard","has-post-thumbnail","hentry","category-al-dia"],"_links":{"self":[{"href":"https:\/\/www.semanariolocal.cl\/index.php?rest_route=\/wp\/v2\/posts\/1811","targetHints":{"allow":["GET"]}}],"collection":[{"href":"https:\/\/www.semanariolocal.cl\/index.php?rest_route=\/wp\/v2\/posts"}],"about":[{"href":"https:\/\/www.semanariolocal.cl\/index.php?rest_route=\/wp\/v2\/types\/post"}],"author":[{"embeddable":true,"href":"https:\/\/www.semanariolocal.cl\/index.php?rest_route=\/wp\/v2\/users\/1"}],"replies":[{"embeddable":true,"href":"https:\/\/www.semanariolocal.cl\/index.php?rest_route=%2Fwp%2Fv2%2Fcomments&post=1811"}],"version-history":[{"count":1,"href":"https:\/\/www.semanariolocal.cl\/index.php?rest_route=\/wp\/v2\/posts\/1811\/revisions"}],"predecessor-version":[{"id":1813,"href":"https:\/\/www.semanariolocal.cl\/index.php?rest_route=\/wp\/v2\/posts\/1811\/revisions\/1813"}],"wp:featuredmedia":[{"embeddable":true,"href":"https:\/\/www.semanariolocal.cl\/index.php?rest_route=\/wp\/v2\/media\/1812"}],"wp:attachment":[{"href":"https:\/\/www.semanariolocal.cl\/index.php?rest_route=%2Fwp%2Fv2%2Fmedia&parent=1811"}],"wp:term":[{"taxonomy":"category","embeddable":true,"href":"https:\/\/www.semanariolocal.cl\/index.php?rest_route=%2Fwp%2Fv2%2Fcategories&post=1811"},{"taxonomy":"post_tag","embeddable":true,"href":"https:\/\/www.semanariolocal.cl\/index.php?rest_route=%2Fwp%2Fv2%2Ftags&post=1811"}],"curies":[{"name":"wp","href":"https:\/\/api.w.org\/{rel}","templated":true}]}}