{"id":1808,"date":"2021-09-07T14:36:11","date_gmt":"2021-09-07T17:36:11","guid":{"rendered":"https:\/\/www.semanariolocal.cl\/?p=1808"},"modified":"2021-09-07T14:36:12","modified_gmt":"2021-09-07T17:36:12","slug":"efecto-retiros-de-fondos-e-ife-que-estan-comprando-los-chilenos-en-el-retail","status":"publish","type":"post","link":"https:\/\/www.semanariolocal.cl\/?p=1808","title":{"rendered":"Efecto retiros de fondos e IFE: qu\u00e9 est\u00e1n comprando los chilenos en el retail"},"content":{"rendered":"\n<p style=\"font-size:17px\">Los primeros meses de la pandemia fueron una verdadera bomba para las grandes cadenas del&nbsp;<em>retail<\/em>. Debido a las medidas de restricci\u00f3n de movilidad impuestas por el gobierno para impedir el avance del coronavirus, ir presencialmente a una tienda era pr\u00e1cticamente imposible.<\/p>\n\n\n\n<p style=\"font-size:17px\">Esto merm\u00f3 en gran medida las ganancias del&nbsp;<em>retail<\/em>, algo que pudo corroborar&nbsp;<a href=\"http:\/\/www.icrchile.cl\/index.php\/destacados\/4287-proyecciones-sobre-la-industria-del-retail-continuan-desfavorables-con-bajas-expectativas-de-un-fortalecimiento-operacional-durante-2021\/file\" target=\"_blank\" rel=\"noreferrer noopener\">ICR en un an\u00e1lisis<\/a>&nbsp;publicado en julio del a\u00f1o pasado, en donde detallaron una baja del 36,1 % en las ventas minoristas. Las categor\u00edas m\u00e1s afectadas fueron vestuario, calzado y productos para el hogar.<\/p>\n\n\n\n<p style=\"font-size:17px\">Sin embargo, el mal momento del primer periodo de la pandemia fue lentamente quedando atr\u00e1s gracias a la reactivaci\u00f3n provocada por el comercio electr\u00f3nico, que durante el segundo trimestre de este a\u00f1o complet\u00f3 el 50,8 % de las ventas totales del&nbsp;<em>retail<\/em>. Eventos como el Cyber Day de mayo ayudaron a llegar a esa cifra.<\/p>\n\n\n\n<p style=\"font-size:17px\">Pero, \u00bftodas las categor\u00edas se vieron beneficiadas con el comercio&nbsp;<em>online<\/em>? Si bien es cierto hubo mejoras importantes, hay categor\u00edas que reci\u00e9n est\u00e1n comenzando a tener mayores repuntes, principalmente por el t\u00e9rmino de las cuarentenas en casi todo el pa\u00eds.<\/p>\n\n\n\n<p style=\"font-size:17px\"><strong>Vestuario y Calzado al alza<\/strong><\/p>\n\n\n\n<p style=\"font-size:17px\">Seg\u00fan los \u00faltimos datos publicados por la&nbsp;<strong>C\u00e1mara Nacional de Comercio (CNC)<\/strong>, las ventas del comercio minorista registraron grandes alzas en la Regi\u00f3n Metropolitana, motivados en gran parte por el retorno de las personas a las tiendas. Durante junio, se vivi\u00f3 un alza del 65,4 % comparado con el mismo mes, pero de 2020.<\/p>\n\n\n\n<p style=\"font-size:17px\">El buen momento del comercio presencial, que ha tenido un crecimiento del 21,8 % en lo que va del a\u00f1o, han permitido que varias categor\u00edas que antes hab\u00edan registrado ventas menores, hoy puedan sacar cuentas alegres.<\/p>\n\n\n\n<p style=\"font-size:17px\">Tal es el caso de&nbsp;<a href=\"https:\/\/www.linio.cl\/c\/moda\" target=\"_blank\" rel=\"noreferrer noopener\">Vestuario y Moda<\/a>, que registr\u00f3 un alza del 561 % en junio de este a\u00f1o, logrando un gran repunte respecto al a\u00f1o pasado, periodo en el cual las ventas hab\u00edan ca\u00eddo casi en un 100 %. Por otro lado, la categor\u00eda Calzado tambi\u00e9n experiment\u00f3 un gran salto, subiendo en un 344,4 % sus ventas respecto a junio de 2020.<\/p>\n\n\n\n<p style=\"font-size:17px\">Diana Choi, gerenta comercial de Linio Chile, declar\u00f3 que las alzas en estas categor\u00edas se deben a un aumento del inter\u00e9s de las personas en productos ligados a la vida al aire libre y la socializaci\u00f3n. \u201cCon el correr de los d\u00edas, la tendencia se ha consolidado, lo que ha dado pie a que estas mismas categor\u00edas de productos contin\u00faen anotando s\u00f3lidas cifras de crecimiento\u201d, expres\u00f3.<\/p>\n\n\n\n<p style=\"font-size:17px\">Adem\u00e1s, otras categor\u00edas de venta han experimentado alzas, tales como&nbsp;<a href=\"https:\/\/www.linio.cl\/c\/celulares-y-tablets\" target=\"_blank\" rel=\"noreferrer noopener\">dispositivos electr\u00f3nicos<\/a>&nbsp;(+180 %),&nbsp;<a href=\"https:\/\/www.linio.cl\/c\/hogar\/muebles\" target=\"_blank\" rel=\"noreferrer noopener\">muebles<\/a>&nbsp;(+188,4 %) y&nbsp;<a href=\"https:\/\/www.linio.cl\/c\/hogar\" target=\"_blank\" rel=\"noreferrer noopener\">l\u00ednea hogar&nbsp;<\/a>(+102 %).<\/p>\n\n\n\n<p style=\"font-size:17px\"><strong>El factor presencial ayud\u00f3 a estas categor\u00edas<\/strong><\/p>\n\n\n\n<p style=\"font-size:17px\">Una de las razones que explican esta gran bonanza en las categor\u00edas de Vestuario y Calzado, tiene que ver claramente con el factor presencial. Muchos de los que se mostraban interesados en comprar productos relacionados a estas clasificaciones, desestimaron su opci\u00f3n de compra ante la imposibilidad de verlos en persona y poder probarlos.<\/p>\n\n\n\n<p style=\"font-size:17px\">Con el fin de las cuarentenas esta situaci\u00f3n cambi\u00f3, dando como resultado los aumentos anteriormente se\u00f1alados. A pesar de que a\u00fan no est\u00e1 permitido probarse ropa, la gente puede ver c\u00f3mo son las prendas antes de comprarlas. Caso parecido al ocurrido con los zapatos, los cuales s\u00ed pueden ser probados por los clientes.<\/p>\n\n\n\n<p style=\"font-size:17px\"><strong>El impacto de los retiros del 10 % y el IFE<\/strong><\/p>\n\n\n\n<p style=\"font-size:17px\">Otro factor que motiv\u00f3 a las alzas en estas categor\u00edas y en todo el comercio en general, fue el aumento en la capacidad compradora de la poblaci\u00f3n gracias a las ayudas provenientes del gobierno y del Congreso.<\/p>\n\n\n\n<p style=\"font-size:17px\">Por un lado, el gobierno de Sebasti\u00e1n Pi\u00f1era promovi\u00f3 el Ingreso Familiar de Emergencia (IFE) en mayo del a\u00f1o pasado, pol\u00edtica que ha otorgado bonos de dinero a las familias m\u00e1s vulnerables del pa\u00eds.<\/p>\n\n\n\n<p style=\"font-size:17px\">Adem\u00e1s, a esto se suma otra pol\u00edtica de ayuda social, pero nacida en el Congreso: los retiros del 10 %. Con tres retiros acumulados, varias personas han podido sacar de sus fondos previsionales ese porcentaje, con lo que han aumentado su poder adquisitivo de manera temporal.<\/p>\n\n\n\n<p style=\"font-size:17px\">Estas dos ayudas han permitido que se reactive de gran forma la econom\u00eda, ya que m\u00e1s personas tienen la posibilidad de gastar dinero en cualquier categor\u00eda comercial. Gracias a esto y a las grandes ofertas del&nbsp;<em>retail<\/em>, la actividad econ\u00f3mica creci\u00f3 en un 20,1 % durante el mes de junio.<\/p>\n\n\n\n<p style=\"font-size:17px\"><strong>\u00bfQu\u00e9 ser\u00e1 del futuro del&nbsp;<em>retail<\/em>&nbsp;este a\u00f1o?<\/strong><\/p>\n\n\n\n<p style=\"font-size:17px\">Para que se sigan dando buenos resultados en el&nbsp;<em>retail<\/em>, es necesario que se alineen varios factores. Por un lado, el mercado debe seguir impulsando el comercio electr\u00f3nico, a la vez del presencial, con el objetivo de seguir llamando la atenci\u00f3n de los potenciales clientes. Es probable que con eventos como el&nbsp;<a href=\"https:\/\/www.linio.cl\/cm\/cyber-monday\" target=\"_blank\" rel=\"noreferrer noopener\">pr\u00f3ximo Cyber Monday<\/a>, las ventas en l\u00ednea sigan creciendo a un ritmo acelerado.<\/p>\n\n\n\n<p style=\"font-size:17px\">Por lo tanto, hoy en este modelo de reactivaci\u00f3n, es clave que el ambiente comercial&nbsp;pueda considerar una estrategia omnicanal para que el comercio y reactivaci\u00f3n econ\u00f3mica pueda recuperar sus n\u00fameros de la mano con las medidas sanitarias que se van tomando para reactivar la econom\u00eda.<\/p>\n","protected":false},"excerpt":{"rendered":"<p>Durante este a\u00f1o las tiendas han logrado aumentar sustancialmente sus ventas, comparado con los primeros meses de 2020. El comercio electr\u00f3nico ayud\u00f3, pero ahora lo que ha marcado la diferencia son las ventas presenciales, especialmente con algunas categor\u00edas.<\/p>\n","protected":false},"author":1,"featured_media":1809,"comment_status":"closed","ping_status":"closed","sticky":false,"template":"","format":"standard","meta":{"footnotes":""},"categories":[4],"tags":[],"class_list":["post-1808","post","type-post","status-publish","format-standard","has-post-thumbnail","hentry","category-reportajes"],"_links":{"self":[{"href":"https:\/\/www.semanariolocal.cl\/index.php?rest_route=\/wp\/v2\/posts\/1808","targetHints":{"allow":["GET"]}}],"collection":[{"href":"https:\/\/www.semanariolocal.cl\/index.php?rest_route=\/wp\/v2\/posts"}],"about":[{"href":"https:\/\/www.semanariolocal.cl\/index.php?rest_route=\/wp\/v2\/types\/post"}],"author":[{"embeddable":true,"href":"https:\/\/www.semanariolocal.cl\/index.php?rest_route=\/wp\/v2\/users\/1"}],"replies":[{"embeddable":true,"href":"https:\/\/www.semanariolocal.cl\/index.php?rest_route=%2Fwp%2Fv2%2Fcomments&post=1808"}],"version-history":[{"count":1,"href":"https:\/\/www.semanariolocal.cl\/index.php?rest_route=\/wp\/v2\/posts\/1808\/revisions"}],"predecessor-version":[{"id":1810,"href":"https:\/\/www.semanariolocal.cl\/index.php?rest_route=\/wp\/v2\/posts\/1808\/revisions\/1810"}],"wp:featuredmedia":[{"embeddable":true,"href":"https:\/\/www.semanariolocal.cl\/index.php?rest_route=\/wp\/v2\/media\/1809"}],"wp:attachment":[{"href":"https:\/\/www.semanariolocal.cl\/index.php?rest_route=%2Fwp%2Fv2%2Fmedia&parent=1808"}],"wp:term":[{"taxonomy":"category","embeddable":true,"href":"https:\/\/www.semanariolocal.cl\/index.php?rest_route=%2Fwp%2Fv2%2Fcategories&post=1808"},{"taxonomy":"post_tag","embeddable":true,"href":"https:\/\/www.semanariolocal.cl\/index.php?rest_route=%2Fwp%2Fv2%2Ftags&post=1808"}],"curies":[{"name":"wp","href":"https:\/\/api.w.org\/{rel}","templated":true}]}}