{"id":1793,"date":"2021-09-05T11:49:00","date_gmt":"2021-09-05T14:49:00","guid":{"rendered":"https:\/\/www.semanariolocal.cl\/?p=1793"},"modified":"2021-09-06T23:59:14","modified_gmt":"2021-09-07T02:59:14","slug":"aprueban-ley-corta-que-perfecciona-el-proceso-de-descentralizacion","status":"publish","type":"post","link":"https:\/\/www.semanariolocal.cl\/?p=1793","title":{"rendered":"Aprueban ley corta que perfecciona el proceso de descentralizaci\u00f3n"},"content":{"rendered":"\n<p style=\"font-size:17px\">La comisi\u00f3n mixta que buscaba despejar discrepancias en torno al proyecto de ley que perfecciona el proceso de descentralizaci\u00f3n del pa\u00eds, m\u00e1s conocida como ley corta, aprob\u00f3 finalmente hoy el proyecto y ahora pasar\u00e1 a la Sala del Senado.&nbsp;<\/p>\n\n\n\n<p style=\"font-size:17px\">Hay que recordar que la ley corta fue ingresada por el Ejecutivo en 2020 y buscaba aclarar puntos que no hab\u00edan quedado del todo resueltos en la ley original de 2018 de Fortalecimiento a la Regionalizaci\u00f3n (21.074). Por ejemplo, buscaba definir el concepto de \u201ccompetencia\u201d que pueden ejercer los gobernadores regionales y explicitar el proceso de obtenci\u00f3n y evaluaci\u00f3n de esas atribuciones.&nbsp;&nbsp;<\/p>\n\n\n\n<p style=\"font-size:17px\">\u201cAgradecemos la voluntad y trabajo de la comisi\u00f3n mixta de ambas c\u00e1maras, as\u00ed como tambi\u00e9n de los y las gobernadoras regionales en avanzar en este tema, pues es sumamente importante para que puedan llevar a cabo su trabajo y conducir el proceso de regionalizaci\u00f3n tan anhelado por Chile\u201d, dijo la subsecretaria de Desarrollo Regional y Administrativo (Subdere), Mar\u00eda Paz Troncoso&nbsp;<\/p>\n\n\n\n<p style=\"font-size:17px\">En el tema sobre c\u00f3mo solicitar nuevas competencias es donde hubo la mayor discrepancia. Seg\u00fan la ley, los Gobiernos Regionales pueden pedir m\u00e1s competencias durante los dos primeros a\u00f1os de una nueva administraci\u00f3n presidencial y el proyecto original planteaba que existiera \u201csilencio negativo\u201d, es decir, que si el Gobierno Regional solicitaba una nueva competencia y durante seis meses el Ejecutivo no se pronunciaba se entend\u00eda que la respuesta ser\u00eda negativa. En cualquier caso, como sucede en la administraci\u00f3n p\u00fablica, la decisi\u00f3n deb\u00eda ser justificada.&nbsp;<\/p>\n\n\n\n<p style=\"font-size:17px\">No obstante, la Sala de la C\u00e1mara rechaz\u00f3 la idea de legislar sobre esta materia y en la comisi\u00f3n mixta se zanj\u00f3 que el Ejecutivo debe dar una respuesta expresa a la petici\u00f3n.&nbsp;<\/p>\n\n\n\n<p style=\"font-size:17px\">El gobernador de Biob\u00edo, Rodrigo D\u00edaz, valor\u00f3 que \u201cesta materia la conversamos en detalle y la redacci\u00f3n que est\u00e1 proponiendo en este minuto la subsecretaria, es la que fue acordada y estamos, por lo tanto, respaldando esa redacci\u00f3n\u201d.&nbsp;<\/p>\n\n\n\n<p style=\"font-size:17px\">Mientras, el gobernador de Magallanes, Jorge Flies, agradeci\u00f3&nbsp;\u201cla disposici\u00f3n que ha tenido&nbsp;el Gobierno. Hemos tenido extensas reuniones desde la Presidencia y aqu\u00ed se demuestra la voluntad del Ejecutivo, la voluntad del Legislativo y en este caso tambi\u00e9n de los gobiernos regionales de llegar a un acuerdo, as\u00ed que felicitaciones, porque yo creo que es un acto democr\u00e1tico, tremendamente potente y que reconocemos como gobernadores y gobernadoras de las regiones\u201d.&nbsp;<\/p>\n\n\n\n<p style=\"font-size:17px\">El otro cambio que hubo, surgi\u00f3 en la Comisi\u00f3n de Gobierno en mayo pasado respecto de la evaluaci\u00f3n de las competencias. All\u00ed se decidi\u00f3 que sea realizada a los tres a\u00f1os de aplicaci\u00f3n por parte de una comisi\u00f3n paritaria entre el Gobierno Regional, ministerio de origen y que la secretar\u00eda ejecutiva de esta quede en Subdere, dejando fuera a la Direcci\u00f3n de Presupuestos.&nbsp;<\/p>\n\n\n\n<p style=\"font-size:17px\">Al igual que en el proyecto original, se decidi\u00f3 que sea Contralor\u00eda el ente que dirima ante posibles controversias entre el gobernador regional y el delegado presidencial.<\/p>\n","protected":false},"excerpt":{"rendered":"<p>La comisi\u00f3n mixta que discut\u00eda discrepancias sobre esta norma que viene a subsanar algunos vac\u00edos de la ley de 2018, le dio luz verde a la iniciativa. Ahora pasar\u00e1 a la Sala del Senado. <\/p>\n","protected":false},"author":1,"featured_media":1796,"comment_status":"closed","ping_status":"closed","sticky":false,"template":"","format":"standard","meta":{"footnotes":""},"categories":[3],"tags":[],"class_list":["post-1793","post","type-post","status-publish","format-standard","has-post-thumbnail","hentry","category-al-dia"],"_links":{"self":[{"href":"https:\/\/www.semanariolocal.cl\/index.php?rest_route=\/wp\/v2\/posts\/1793","targetHints":{"allow":["GET"]}}],"collection":[{"href":"https:\/\/www.semanariolocal.cl\/index.php?rest_route=\/wp\/v2\/posts"}],"about":[{"href":"https:\/\/www.semanariolocal.cl\/index.php?rest_route=\/wp\/v2\/types\/post"}],"author":[{"embeddable":true,"href":"https:\/\/www.semanariolocal.cl\/index.php?rest_route=\/wp\/v2\/users\/1"}],"replies":[{"embeddable":true,"href":"https:\/\/www.semanariolocal.cl\/index.php?rest_route=%2Fwp%2Fv2%2Fcomments&post=1793"}],"version-history":[{"count":1,"href":"https:\/\/www.semanariolocal.cl\/index.php?rest_route=\/wp\/v2\/posts\/1793\/revisions"}],"predecessor-version":[{"id":1795,"href":"https:\/\/www.semanariolocal.cl\/index.php?rest_route=\/wp\/v2\/posts\/1793\/revisions\/1795"}],"wp:featuredmedia":[{"embeddable":true,"href":"https:\/\/www.semanariolocal.cl\/index.php?rest_route=\/wp\/v2\/media\/1796"}],"wp:attachment":[{"href":"https:\/\/www.semanariolocal.cl\/index.php?rest_route=%2Fwp%2Fv2%2Fmedia&parent=1793"}],"wp:term":[{"taxonomy":"category","embeddable":true,"href":"https:\/\/www.semanariolocal.cl\/index.php?rest_route=%2Fwp%2Fv2%2Fcategories&post=1793"},{"taxonomy":"post_tag","embeddable":true,"href":"https:\/\/www.semanariolocal.cl\/index.php?rest_route=%2Fwp%2Fv2%2Ftags&post=1793"}],"curies":[{"name":"wp","href":"https:\/\/api.w.org\/{rel}","templated":true}]}}