{"id":1777,"date":"2021-09-06T23:22:31","date_gmt":"2021-09-07T02:22:31","guid":{"rendered":"https:\/\/www.semanariolocal.cl\/?p=1777"},"modified":"2021-09-06T23:22:32","modified_gmt":"2021-09-07T02:22:32","slug":"este-lunes-comenzo-proceso-de-inscripcion-del-ife-universal-de-septiembre","status":"publish","type":"post","link":"https:\/\/www.semanariolocal.cl\/?p=1777","title":{"rendered":"Este lunes comenz\u00f3 proceso de inscripci\u00f3n del IFE Universal de septiembre"},"content":{"rendered":"\n<p style=\"font-size:17px\">A partir de este lunes comenz\u00f3 un nuevo proceso de inscripci\u00f3n al IFE Universal, instancia en la que la ministra de Desarrollo Social y Familia, Karla Rubilar realiz\u00f3 un llamado a la ciudadan\u00eda a inscribirse en <a href=\"http:\/\/www.ingresodeemergencia.cl\">www.ingresodeemergencia.cl<\/a> y en <a href=\"http:\/\/www.registrosocial.gob.cl\">www.registrosocial.gob.cl<\/a>. Llamado que reforz\u00f3 el Seremi de dicha cartera, Manuel Obando quien indic\u00f3 que para este nuevo proceso se espera llegar con el beneficio a m\u00e1s de&nbsp; 411 mil hogares identificados en el RSH en la regi\u00f3n de Los Lagos.<\/p>\n\n\n\n<p style=\"font-size:17px\">\u201cHoy comenz\u00f3 el proceso de solicitud del IFE Universal del mes de septiembre, beneficio que forma parte de una robusta Red de Protecci\u00f3n Social. \u00bfC\u00f3mo hacerlo? ingresando a ingresodeemergencia.cl con su rut o clave \u00fanica. El llamado es para todos aquellos hogares de nuestra regi\u00f3n que a\u00fan no lo han solicitado\u201d destac\u00f3 el Seremi de Desarrollo Social y Familia, Manuel Obando.<\/p>\n\n\n\n<p style=\"font-size:17px\">Al 17 de agosto (fecha de cierre del proceso anterior) fueron m\u00e1s de 6.545 hogares en la regi\u00f3n de Los Lagos quienes solicitaron el aporte del IFE Universal correspondiente al aporte n\u00famero 8.<\/p>\n\n\n\n<p style=\"font-size:17px\">La ministra Rubilar explic\u00f3 que \u201centre el 6 y el 16 de septiembre esperamos llegar a esos hogares que todav\u00eda no reciben el Ingreso Familiar de Emergencia Universal y que est\u00e1n en el Registro Social de Hogares y lo requieren. Es muy importante recalcar que para este proceso deben inscribirse solo aquellos que no han recibido el beneficio anteriormente. Todos aquellos que lo han recibido no necesitan hacer ning\u00fan tr\u00e1mite, est\u00e1n completamente inscritos y su pago va a ser de forma autom\u00e1tica\u201d.<\/p>\n\n\n\n<p style=\"font-size:17px\">La titular de Desarrollo Social agreg\u00f3 que \u201ctodas las personas, incluso aquellas que hoy est\u00e1n trabajando, y aquellas que est\u00e1n entre el 91 y 100% del Registro Social de Hogares pueden recibir el IFE. La \u00fanica raz\u00f3n para no recibirlo es estar en el 100% y que tengan m\u00e1s de $800 mil l\u00edquidos por integrante del hogar en la declaraci\u00f3n que las mismas familias realizan por la p\u00e1gina web del IFE\u201d.<\/p>\n\n\n\n<p style=\"font-size:17px\">En agosto, el alcance del IFE fue de 8.016.427 hogares y 16.282.182 de personas a nivel nacional. De este total, 7.729.111 hogares correspondieron a pagos autom\u00e1ticos quienes ya hab\u00edan recibido alguno de los anteriores aportes del IFE, y 287.316 son hogares nuevos inscritos entre el 6 y el 16 de agosto, concretando as\u00ed la transferencia directa m\u00e1s alta y masiva en la historia de Chile.<\/p>\n\n\n\n<p style=\"font-size:17px\">Por su parte, la subsecretaria de Evaluaci\u00f3n Social, Alejandra Candia, dijo que \u201cpara este mes de septiembre hacemos el llamado a todos los hogares que requieren de un apoyo, pero que a\u00fan no reciben IFE Universal a solicitar este beneficio en www.ingresodeemergencia.cl. Como Gobierno a trav\u00e9s de nuestra Red de Protecci\u00f3n Social hemos ido fortaleciendo este importante apoyo y simplificando los procesos para las familias, por lo que en este nuevo proceso de solicitud que comienza hoy solo deben ingresar aquellos hogares que no han recibido IFE, ya que quienes ya son beneficiarios que son m\u00e1s de 8 millones de hogares y 16 millones de personas recibir\u00e1n su pago de manera autom\u00e1tica sin realizar ning\u00fan tr\u00e1mite\u00bb.<\/p>\n\n\n\n<p style=\"font-size:17px\">El IFE es compatible con el Ingreso Laboral de Emergencia (ILE). Para las mujeres, las cuales han sido las m\u00e1s afectadas por la p\u00e9rdida de empleo, el monto de este Subsidio al Trabajo pagar\u00e1 un 60% de su remuneraci\u00f3n, con un tope mensual de $ 250 mil. En el caso de los hombres, este Subsidio ser\u00e1 del 50% de la remuneraci\u00f3n, con un tope de $ 200 mil mensuales. Podr\u00e1n acceder al subsidio todos los trabajadores que perciban un sueldo igual o inferior a tres ingresos m\u00ednimos.<\/p>\n\n\n\n<p style=\"font-size:17px\">Al respecto, la subsecretaria de Servicios Sociales, Andrea Balladares agreg\u00f3 que \u201cel IFE Universal es totalmente compatible con el IFE Laboral, cuyas postulaciones ya est\u00e1n abiertas y a trav\u00e9s de esta ayuda, se entrega un subsidio complementario al sueldo de hasta $250.000 para quienes hayan encontrado trabajo desde el 1 de julio. Tambi\u00e9n hay que tener claro que este aporte es permanente y no se pierde si, por ejemplo, la situaci\u00f3n econ\u00f3mica del hogar mejora o si uno de los integrantes encuentra trabajo\u201d.<\/p>\n\n\n\n<p style=\"font-size:17px\">El IFE Universal llega al 95,8% del Registro Social de Hogares, que ya incluye a m\u00e1s de 8 millones de familias en todo el pa\u00eds.<\/p>\n","protected":false},"excerpt":{"rendered":"<p>Entre el 6 y el 16 de septiembre estar\u00e1n abiertas nuevamente las inscripciones del IFE Universal y los pagos de este mes se realizar\u00e1n a partir del 30 de este mes. <\/p>\n","protected":false},"author":1,"featured_media":1778,"comment_status":"closed","ping_status":"closed","sticky":false,"template":"","format":"standard","meta":{"footnotes":""},"categories":[3],"tags":[],"class_list":["post-1777","post","type-post","status-publish","format-standard","has-post-thumbnail","hentry","category-al-dia"],"_links":{"self":[{"href":"https:\/\/www.semanariolocal.cl\/index.php?rest_route=\/wp\/v2\/posts\/1777","targetHints":{"allow":["GET"]}}],"collection":[{"href":"https:\/\/www.semanariolocal.cl\/index.php?rest_route=\/wp\/v2\/posts"}],"about":[{"href":"https:\/\/www.semanariolocal.cl\/index.php?rest_route=\/wp\/v2\/types\/post"}],"author":[{"embeddable":true,"href":"https:\/\/www.semanariolocal.cl\/index.php?rest_route=\/wp\/v2\/users\/1"}],"replies":[{"embeddable":true,"href":"https:\/\/www.semanariolocal.cl\/index.php?rest_route=%2Fwp%2Fv2%2Fcomments&post=1777"}],"version-history":[{"count":1,"href":"https:\/\/www.semanariolocal.cl\/index.php?rest_route=\/wp\/v2\/posts\/1777\/revisions"}],"predecessor-version":[{"id":1779,"href":"https:\/\/www.semanariolocal.cl\/index.php?rest_route=\/wp\/v2\/posts\/1777\/revisions\/1779"}],"wp:featuredmedia":[{"embeddable":true,"href":"https:\/\/www.semanariolocal.cl\/index.php?rest_route=\/wp\/v2\/media\/1778"}],"wp:attachment":[{"href":"https:\/\/www.semanariolocal.cl\/index.php?rest_route=%2Fwp%2Fv2%2Fmedia&parent=1777"}],"wp:term":[{"taxonomy":"category","embeddable":true,"href":"https:\/\/www.semanariolocal.cl\/index.php?rest_route=%2Fwp%2Fv2%2Fcategories&post=1777"},{"taxonomy":"post_tag","embeddable":true,"href":"https:\/\/www.semanariolocal.cl\/index.php?rest_route=%2Fwp%2Fv2%2Ftags&post=1777"}],"curies":[{"name":"wp","href":"https:\/\/api.w.org\/{rel}","templated":true}]}}