{"id":1770,"date":"2021-09-06T22:38:34","date_gmt":"2021-09-07T01:38:34","guid":{"rendered":"https:\/\/www.semanariolocal.cl\/?p=1770"},"modified":"2021-09-06T22:38:35","modified_gmt":"2021-09-07T01:38:35","slug":"diputado-castro-califico-como-una-decision-cientifica-sinovac-en-menores-de-6-anos","status":"publish","type":"post","link":"https:\/\/www.semanariolocal.cl\/?p=1770","title":{"rendered":"Diputado Castro calific\u00f3 como una decisi\u00f3n cient\u00edfica Sinovac en menores de 6 a\u00f1os"},"content":{"rendered":"\n<p style=\"font-size:17px\">El parlamentario socialista, expres\u00f3 sobre la vacuna contra el coronavirus que podr\u00e1 inocularse en menores de 18 a\u00f1os que, \u00abse ha aprobado en justa raz\u00f3n y m\u00e9rito\u201d.<\/p>\n\n\n\n<p style=\"font-size:17px\">Este lunes el Instituto de Salud P\u00fablica (ISP) aprob\u00f3 el uso de la vacuna Coronvac del laboratorio Sinovac contra el coronavirus en personas menores de 18 a\u00f1os. La medida se\u00f1ala que en Chile podr\u00e1n inocularse desde los 6 a\u00f1os de edad.<\/p>\n\n\n\n<p style=\"font-size:17px\">Tras el anuncio, el diputado por la Regi\u00f3n de O\u2019Higgins y expresidente del Colegio M\u00e9dico, Dr. Juan Luis Castro valor\u00f3 la decisi\u00f3n se\u00f1alando que, \u201cpor fin los ni\u00f1os van a tener acceso a la vacuna contra el Covid en Chile, se ha aprobado en justa raz\u00f3n y m\u00e9rito\u201d.<\/p>\n\n\n\n<p style=\"font-size:17px\">\u201cEsto no es un capricho, es la decisi\u00f3n cient\u00edfica y por lo tanto para volver a clases cuando corresponda presencialmente, esta vacuna va a ser clave\u201d, subray\u00f3 Castro.&nbsp;<\/p>\n\n\n\n<p style=\"font-size:17px\">El parlamentario socialista, reiter\u00f3 que, \u201cme alegro que esto se haya decidido\u201d agregando que si bien, \u201cla campa\u00f1a ha sido exitosa pero hay que reforzarla m\u00e1s, porque hay m\u00e1s de 1 mill\u00f3n de rezagados\u201d<\/p>\n\n\n\n<p style=\"font-size:17px\">&nbsp;\u201cY ahora los ni\u00f1os si van a tener este derecho que nunca lo tuvieron, no porque alguien se impusiera sino porque no estaba demostrado el efecto beneficioso, ahora que lo est\u00e1 el Gobierno debe anunciar el calendario para iniciar r\u00e1pidamente la vacuna de los menores de edad en Chile\u201d, inst\u00f3 el diputado Juan Luis Castro.<\/p>\n","protected":false},"excerpt":{"rendered":"<p>El parlamentario socialista, expres\u00f3 sobre la vacuna contra el coronavirus que podr\u00e1 inocularse en menores de 18 a\u00f1os que, \u00abse ha aprobado en justa raz\u00f3n y m\u00e9rito\u201d. Este lunes el Instituto de Salud P\u00fablica (ISP) aprob\u00f3 el uso de la vacuna Coronvac del laboratorio Sinovac contra el coronavirus en personas menores de 18 a\u00f1os. La&#8230;<a class=\"btnReadMore\" href=\"https:\/\/www.semanariolocal.cl\/?p=1770\"> Leer M\u00e1s<\/a><\/p>\n","protected":false},"author":1,"featured_media":1771,"comment_status":"closed","ping_status":"closed","sticky":false,"template":"","format":"standard","meta":{"footnotes":""},"categories":[3,6],"tags":[],"class_list":["post-1770","post","type-post","status-publish","format-standard","has-post-thumbnail","hentry","category-al-dia","category-politica"],"_links":{"self":[{"href":"https:\/\/www.semanariolocal.cl\/index.php?rest_route=\/wp\/v2\/posts\/1770","targetHints":{"allow":["GET"]}}],"collection":[{"href":"https:\/\/www.semanariolocal.cl\/index.php?rest_route=\/wp\/v2\/posts"}],"about":[{"href":"https:\/\/www.semanariolocal.cl\/index.php?rest_route=\/wp\/v2\/types\/post"}],"author":[{"embeddable":true,"href":"https:\/\/www.semanariolocal.cl\/index.php?rest_route=\/wp\/v2\/users\/1"}],"replies":[{"embeddable":true,"href":"https:\/\/www.semanariolocal.cl\/index.php?rest_route=%2Fwp%2Fv2%2Fcomments&post=1770"}],"version-history":[{"count":1,"href":"https:\/\/www.semanariolocal.cl\/index.php?rest_route=\/wp\/v2\/posts\/1770\/revisions"}],"predecessor-version":[{"id":1772,"href":"https:\/\/www.semanariolocal.cl\/index.php?rest_route=\/wp\/v2\/posts\/1770\/revisions\/1772"}],"wp:featuredmedia":[{"embeddable":true,"href":"https:\/\/www.semanariolocal.cl\/index.php?rest_route=\/wp\/v2\/media\/1771"}],"wp:attachment":[{"href":"https:\/\/www.semanariolocal.cl\/index.php?rest_route=%2Fwp%2Fv2%2Fmedia&parent=1770"}],"wp:term":[{"taxonomy":"category","embeddable":true,"href":"https:\/\/www.semanariolocal.cl\/index.php?rest_route=%2Fwp%2Fv2%2Fcategories&post=1770"},{"taxonomy":"post_tag","embeddable":true,"href":"https:\/\/www.semanariolocal.cl\/index.php?rest_route=%2Fwp%2Fv2%2Ftags&post=1770"}],"curies":[{"name":"wp","href":"https:\/\/api.w.org\/{rel}","templated":true}]}}