{"id":1767,"date":"2021-09-06T22:35:30","date_gmt":"2021-09-07T01:35:30","guid":{"rendered":"https:\/\/www.semanariolocal.cl\/?p=1767"},"modified":"2021-09-06T22:35:31","modified_gmt":"2021-09-07T01:35:31","slug":"gobierno-regional-firman-acuerdo-con-el-consejo-por-la-transparencia","status":"publish","type":"post","link":"https:\/\/www.semanariolocal.cl\/?p=1767","title":{"rendered":"Gobierno Regional firman acuerdo con el Consejo por la Transparencia"},"content":{"rendered":"\n<p style=\"font-size:17px\">El Gobernador Regional de Los Lagos Patricio Vallespin, junto a la Presidenta del Consejo por la Transparencia Gloria de la Fuente, firmaron este acuerdo para potenciar el desarrollo de actividades orientadas a llevar a la pr\u00e1ctica los principios de transparencia de la funci\u00f3n p\u00fablica.<\/p>\n\n\n\n<p style=\"font-size:17px\">Con la firma del convenio de cooperaci\u00f3n, entre el Gobierno Regional y el Consejo por la Transparencia, se dio el inicio a una importante etapa de desarrollo y transparencia en los servicios p\u00fablicos, lo cual, se concret\u00f3 con la firma del Gobernador Regional Patricio Vallespin y la Presidenta de esta entidad Gloria de la Fuente.<\/p>\n\n\n\n<p style=\"font-size:17px\">Para el Gobernador Vallespin, esta iniciativa representa un hito para el desarrollo y trabajo de los gobiernos regionales, \u201dsomos la primera regi\u00f3n que compromete un trabajo profundo en transparencia. Lo dije en la campa\u00f1a, uno de los ejercicios de nuestro gobierno regional, es ser un gobierno transparente y eficaz. Creemos que recuperar la confianza de la gente en las autoridades tiene que ver con que no hay nada que esconder y todo que mostrar\u201d.<\/p>\n\n\n\n<p style=\"font-size:17px\">Asimismo, podr\u00e1n trabajar en conjunto cualquier otra materia de la competencia del Consejo, en el marco de los principios de coordinaci\u00f3n y eficiencia que debe regir a los servicios p\u00fablicos, tal como lo dio a conocer la Presidenta del Consejo, Gloria de la Fuente, \u201ccreemos que instrumentos como esto, representan el derecho a la informaci\u00f3n. Adem\u00e1s, sabemos que debe mejorase en el futuro porque de eso tambi\u00e9n depende mejorar est\u00e1ndares de nuestra democracia\u201d.<\/p>\n\n\n\n<p style=\"font-size:17px\">La firma de este compromiso sirvi\u00f3 para dar el puntapi\u00e9 inicial al trabajo entre los gobiernos regionales y el Consejo para la Transparencia. Lo cual, adem\u00e1s va a permitir establecer y fortalecer el desarrollo de la transparencia en todos los servicios p\u00fablicos, iniciativa que comenzar\u00e1 en la regi\u00f3n de Los Lagos.<\/p>\n","protected":false},"excerpt":{"rendered":"<p>El Gobernador Regional de Los Lagos Patricio Vallespin, junto a la Presidenta del Consejo por la Transparencia Gloria de la Fuente, firmaron este acuerdo para potenciar el desarrollo de actividades orientadas a llevar a la pr\u00e1ctica los principios de transparencia de la funci\u00f3n p\u00fablica. Con la firma del convenio de cooperaci\u00f3n, entre el Gobierno Regional&#8230;<a class=\"btnReadMore\" href=\"https:\/\/www.semanariolocal.cl\/?p=1767\"> Leer M\u00e1s<\/a><\/p>\n","protected":false},"author":1,"featured_media":1768,"comment_status":"closed","ping_status":"closed","sticky":false,"template":"","format":"standard","meta":{"footnotes":""},"categories":[3],"tags":[],"class_list":["post-1767","post","type-post","status-publish","format-standard","has-post-thumbnail","hentry","category-al-dia"],"_links":{"self":[{"href":"https:\/\/www.semanariolocal.cl\/index.php?rest_route=\/wp\/v2\/posts\/1767","targetHints":{"allow":["GET"]}}],"collection":[{"href":"https:\/\/www.semanariolocal.cl\/index.php?rest_route=\/wp\/v2\/posts"}],"about":[{"href":"https:\/\/www.semanariolocal.cl\/index.php?rest_route=\/wp\/v2\/types\/post"}],"author":[{"embeddable":true,"href":"https:\/\/www.semanariolocal.cl\/index.php?rest_route=\/wp\/v2\/users\/1"}],"replies":[{"embeddable":true,"href":"https:\/\/www.semanariolocal.cl\/index.php?rest_route=%2Fwp%2Fv2%2Fcomments&post=1767"}],"version-history":[{"count":1,"href":"https:\/\/www.semanariolocal.cl\/index.php?rest_route=\/wp\/v2\/posts\/1767\/revisions"}],"predecessor-version":[{"id":1769,"href":"https:\/\/www.semanariolocal.cl\/index.php?rest_route=\/wp\/v2\/posts\/1767\/revisions\/1769"}],"wp:featuredmedia":[{"embeddable":true,"href":"https:\/\/www.semanariolocal.cl\/index.php?rest_route=\/wp\/v2\/media\/1768"}],"wp:attachment":[{"href":"https:\/\/www.semanariolocal.cl\/index.php?rest_route=%2Fwp%2Fv2%2Fmedia&parent=1767"}],"wp:term":[{"taxonomy":"category","embeddable":true,"href":"https:\/\/www.semanariolocal.cl\/index.php?rest_route=%2Fwp%2Fv2%2Fcategories&post=1767"},{"taxonomy":"post_tag","embeddable":true,"href":"https:\/\/www.semanariolocal.cl\/index.php?rest_route=%2Fwp%2Fv2%2Ftags&post=1767"}],"curies":[{"name":"wp","href":"https:\/\/api.w.org\/{rel}","templated":true}]}}