{"id":1764,"date":"2021-09-06T22:32:40","date_gmt":"2021-09-07T01:32:40","guid":{"rendered":"https:\/\/www.semanariolocal.cl\/?p=1764"},"modified":"2021-09-06T22:32:40","modified_gmt":"2021-09-07T01:32:40","slug":"comerciantes-de-calle-lynch-en-osorno-recibieron-llaves-de-sus-nuevos-kioskos","status":"publish","type":"post","link":"https:\/\/www.semanariolocal.cl\/?p=1764","title":{"rendered":"Comerciantes de calle Lynch en Osorno recibieron llaves de sus nuevos kioskos"},"content":{"rendered":"\n<p style=\"font-size:17px\">El alcalde Emeterio Carrillo hizo entrega de las llaves de sus nuevos kioskos a tres comerciantes del Barrio Lynch que fueron beneficiados con el recambio de sus espacios de trabajo gracias al proyecto \u201cBarrios Comerciales\u201d, que fue postulado por el municipio de Osorno y que llev\u00f3 a cabo el Serviu.<\/p>\n\n\n\n<p style=\"font-size:17px\">Se trata de Ditricia Lizana, Leopoldo \u00c1lvarez y C\u00e9sar Huanca, que compartieron con la primera autoridad comunal su alegr\u00eda por contar ahora con un lugar m\u00e1s seguro y acogedor donde seguir efectuando su labor, \u201cy que vendr\u00e1 a dar m\u00e1s dignidad a la esforzada labor de estas personas, que llevan a\u00f1os vendiendo diversos productos en este emblem\u00e1tico barrio comercial de Osorno\u201d.<\/p>\n\n\n\n<p style=\"font-size:17px\">Uno de estos comerciantes, Leopoldo \u00c1lvarez, agradeci\u00f3 haber sido beneficiado con este recambio de su puesto de trabajo, \u201cpues era algo que realmente necesit\u00e1bamos, ya que nuestros kioskos hab\u00edan cumplido su vida \u00fatil y no reun\u00edan las condiciones para que sigui\u00e9ramos trabajando al interior de ellos\u201d.<\/p>\n\n\n\n<p style=\"font-size:17px\">Cabe destacar que la ejecuci\u00f3n del proyecto \u201cBarrios Comerciales\u201d tambi\u00e9n consider\u00f3 la ejecuci\u00f3n de otras obras de hermoseamiento del sector Lynch, tales como el mejoramiento de paraderos y esca\u00f1os.<\/p>\n","protected":false},"excerpt":{"rendered":"<p>El alcalde Emeterio Carrillo hizo entrega de las llaves de sus nuevos kioskos a tres comerciantes del Barrio Lynch que fueron beneficiados con el recambio de sus espacios de trabajo gracias al proyecto \u201cBarrios Comerciales\u201d, que fue postulado por el municipio de Osorno y que llev\u00f3 a cabo el Serviu. Se trata de Ditricia Lizana,&#8230;<a class=\"btnReadMore\" href=\"https:\/\/www.semanariolocal.cl\/?p=1764\"> Leer M\u00e1s<\/a><\/p>\n","protected":false},"author":1,"featured_media":1765,"comment_status":"closed","ping_status":"closed","sticky":false,"template":"","format":"standard","meta":{"footnotes":""},"categories":[3],"tags":[],"class_list":["post-1764","post","type-post","status-publish","format-standard","has-post-thumbnail","hentry","category-al-dia"],"_links":{"self":[{"href":"https:\/\/www.semanariolocal.cl\/index.php?rest_route=\/wp\/v2\/posts\/1764","targetHints":{"allow":["GET"]}}],"collection":[{"href":"https:\/\/www.semanariolocal.cl\/index.php?rest_route=\/wp\/v2\/posts"}],"about":[{"href":"https:\/\/www.semanariolocal.cl\/index.php?rest_route=\/wp\/v2\/types\/post"}],"author":[{"embeddable":true,"href":"https:\/\/www.semanariolocal.cl\/index.php?rest_route=\/wp\/v2\/users\/1"}],"replies":[{"embeddable":true,"href":"https:\/\/www.semanariolocal.cl\/index.php?rest_route=%2Fwp%2Fv2%2Fcomments&post=1764"}],"version-history":[{"count":1,"href":"https:\/\/www.semanariolocal.cl\/index.php?rest_route=\/wp\/v2\/posts\/1764\/revisions"}],"predecessor-version":[{"id":1766,"href":"https:\/\/www.semanariolocal.cl\/index.php?rest_route=\/wp\/v2\/posts\/1764\/revisions\/1766"}],"wp:featuredmedia":[{"embeddable":true,"href":"https:\/\/www.semanariolocal.cl\/index.php?rest_route=\/wp\/v2\/media\/1765"}],"wp:attachment":[{"href":"https:\/\/www.semanariolocal.cl\/index.php?rest_route=%2Fwp%2Fv2%2Fmedia&parent=1764"}],"wp:term":[{"taxonomy":"category","embeddable":true,"href":"https:\/\/www.semanariolocal.cl\/index.php?rest_route=%2Fwp%2Fv2%2Fcategories&post=1764"},{"taxonomy":"post_tag","embeddable":true,"href":"https:\/\/www.semanariolocal.cl\/index.php?rest_route=%2Fwp%2Fv2%2Ftags&post=1764"}],"curies":[{"name":"wp","href":"https:\/\/api.w.org\/{rel}","templated":true}]}}