{"id":1761,"date":"2021-09-06T22:30:22","date_gmt":"2021-09-07T01:30:22","guid":{"rendered":"https:\/\/www.semanariolocal.cl\/?p=1761"},"modified":"2021-09-06T22:30:22","modified_gmt":"2021-09-07T01:30:22","slug":"la-comuna-mas-austral-de-tierra-del-fuego-cuentan-con-nuevo-alumbrado-publico","status":"publish","type":"post","link":"https:\/\/www.semanariolocal.cl\/?p=1761","title":{"rendered":"La comuna m\u00e1s austral de Tierra del Fuego cuentan con nuevo alumbrado p\u00fablico"},"content":{"rendered":"\n<p style=\"font-size:17px\">Villa Cameron en Timaukel, es una de las localidades m\u00e1s rurales y aisladas de nuestro pa\u00eds y, por ser la comuna m\u00e1s austral de Tierra del Fuego, en la Regi\u00f3n de Magallanes, durante los meses de invierno tiene pocas horas de luz del sol, por lo que contar con un sistema de alumbrado p\u00fablico eficiente y luminarias en las calles, resulta fundamental.<\/p>\n\n\n\n<p style=\"font-size:17px\">El jefe regional Subdere Magallanes, Jacques Roux, junto a la delegada presidencial regional, Jenniffer Rojas, llegaron hasta la alejada localidad para inaugurar las obras de normalizaci\u00f3n del alumbrado p\u00fablico, que fueron financiadas con m\u00e1s de $235 millones asignados desde Programa de Mejoramiento de Barrios y que mejora considerablemente la vida de sus habitantes.<\/p>\n\n\n\n<p style=\"font-size:17px\">\u201cEstamos muy contentos de que podamos inaugurar el proyecto de la normalizaci\u00f3n de redes el\u00e9ctricas y de alumbrado p\u00fablico de Villa Cameron, porque estamos llegando a todas las comunas como Gobierno, y ese es uno de los mandatos del Presidente Sebasti\u00e1n Pi\u00f1era\u201d, destac\u00f3 el jefe regional de Subdere.<\/p>\n\n\n\n<p style=\"font-size:17px\">En tanto, la delegada presidencial se\u00f1al\u00f3 que, \u201ctal cual como nos ha encomendado el Presidente Pi\u00f1era, estamos en terreno y en el af\u00e1n de descentralizaci\u00f3n, estamos en Timaukel. Nos encontramos en Villa Cameron haciendo una importante inauguraci\u00f3n, la normalizaci\u00f3n del sistema el\u00e9ctrico que databa aproximadamente de 1980. Hoy d\u00eda los vecinos tienen luminarias que les permiten transitar en forma segura por su comuna, as\u00ed que es una muy buena noticia para una localidad tan alejada de nuestra Regi\u00f3n de Magallanes\u201d.<\/p>\n\n\n\n<p style=\"font-size:17px\">El alcalde de la comuna, Luis Barr\u00eda, valor\u00f3 el proyecto: \u201cEsta era una gran a\u00f1oranza que ten\u00edamos en la comuna, sobre todo en tiempos de inviernos que se oscurece muy temprano. A las cuatro de la tarde ya tenemos noche. Ahora hay m\u00e1s seguridad para andar en la calle, es un gran adelanto para la comuna que nos mejora en un 100 por ciento la calidad de vida\u201d, afirm\u00f3.<\/p>\n\n\n\n<p style=\"font-size:17px\">Los vecinos de la comuna destacaron el gran avance que significa contar con una red el\u00e9ctrica estable y luminarias en las calles. \u201cNos favorece a todos y nos permite andar sobre todo en per\u00edodos de invierno en que los d\u00edas son muy cortos. Nos da mayor libertad y ayuda en general a todo, al compa\u00f1erismo, a no estar siempre dentro de las casas. Es excelente, muy positivo, es como renacer, le da una vida nueva a la Villa Camer\u00f3n\u201d, afirm\u00f3 el vecino Enrique Mu\u00f1oz.<\/p>\n\n\n\n<p style=\"font-size:17px\">&nbsp;Coincidi\u00f3 con \u00e9l otro habitante de la Villa, Marcel Mu\u00f1oz, quien destac\u00f3 que, \u201ccambi\u00f3 completamente, ya no estamos a penumbras, ayuda mucho, esto estuvo genial. Los ni\u00f1os antes no pod\u00edan salir m\u00e1s de cierta hora, ahora tenemos ni\u00f1os que est\u00e1n jugando en el parque hasta las nueve de la noche, \u00bfqu\u00e9 mejor que eso?\u201d.&nbsp;<\/p>\n","protected":false},"excerpt":{"rendered":"<p>Timaukel, en la Regi\u00f3n de Magallanes, sufr\u00eda constantes situaciones de emergencia y cortes de energ\u00eda tanto p\u00fablica como en la red domiciliaria, en la posta rural y establecimientos educacionales, producto de lo deteriorada que estaba su red el\u00e9ctrica.<\/p>\n","protected":false},"author":1,"featured_media":1762,"comment_status":"closed","ping_status":"closed","sticky":false,"template":"","format":"standard","meta":{"footnotes":""},"categories":[3,4],"tags":[],"class_list":["post-1761","post","type-post","status-publish","format-standard","has-post-thumbnail","hentry","category-al-dia","category-reportajes"],"_links":{"self":[{"href":"https:\/\/www.semanariolocal.cl\/index.php?rest_route=\/wp\/v2\/posts\/1761","targetHints":{"allow":["GET"]}}],"collection":[{"href":"https:\/\/www.semanariolocal.cl\/index.php?rest_route=\/wp\/v2\/posts"}],"about":[{"href":"https:\/\/www.semanariolocal.cl\/index.php?rest_route=\/wp\/v2\/types\/post"}],"author":[{"embeddable":true,"href":"https:\/\/www.semanariolocal.cl\/index.php?rest_route=\/wp\/v2\/users\/1"}],"replies":[{"embeddable":true,"href":"https:\/\/www.semanariolocal.cl\/index.php?rest_route=%2Fwp%2Fv2%2Fcomments&post=1761"}],"version-history":[{"count":1,"href":"https:\/\/www.semanariolocal.cl\/index.php?rest_route=\/wp\/v2\/posts\/1761\/revisions"}],"predecessor-version":[{"id":1763,"href":"https:\/\/www.semanariolocal.cl\/index.php?rest_route=\/wp\/v2\/posts\/1761\/revisions\/1763"}],"wp:featuredmedia":[{"embeddable":true,"href":"https:\/\/www.semanariolocal.cl\/index.php?rest_route=\/wp\/v2\/media\/1762"}],"wp:attachment":[{"href":"https:\/\/www.semanariolocal.cl\/index.php?rest_route=%2Fwp%2Fv2%2Fmedia&parent=1761"}],"wp:term":[{"taxonomy":"category","embeddable":true,"href":"https:\/\/www.semanariolocal.cl\/index.php?rest_route=%2Fwp%2Fv2%2Fcategories&post=1761"},{"taxonomy":"post_tag","embeddable":true,"href":"https:\/\/www.semanariolocal.cl\/index.php?rest_route=%2Fwp%2Fv2%2Ftags&post=1761"}],"curies":[{"name":"wp","href":"https:\/\/api.w.org\/{rel}","templated":true}]}}