{"id":1758,"date":"2021-09-06T22:27:43","date_gmt":"2021-09-07T01:27:43","guid":{"rendered":"https:\/\/www.semanariolocal.cl\/?p=1758"},"modified":"2021-09-06T22:27:47","modified_gmt":"2021-09-07T01:27:47","slug":"canal-de-tenglo-gobernador-vallespin-llama-a-limpiar-canal-tenglo","status":"publish","type":"post","link":"https:\/\/www.semanariolocal.cl\/?p=1758","title":{"rendered":"Canal de Tenglo: Gobernador Vallesp\u00edn llama a limpiar Canal Tenglo"},"content":{"rendered":"\n<p style=\"font-size:17px\">En Villa Marina de la comuna de Puerto Montt, el Gobernador Patricio Vallesp\u00edn junto al Diputado Alejandro Bernales y la comunidad, pidieron sacar del lugar naves marinas varadas que perjudican al medioambiente. Tambi\u00e9n, se solicit\u00f3 fiscalizar a quienes mantienen astilleros ilegales y la contaminaci\u00f3n existente en el lugar por parte de embarcaciones y personas que circulan en el canal de Tenglo.<\/p>\n\n\n\n<p style=\"font-size:17px\">Diego Castillo, delegado medioambiental de Villa Marina, dijo que \u201clo que ocurre aqu\u00ed ha sido una tristeza para nosotros porque nos sentimos abandonados por el Estado, ya que hemos hecho las denuncias por el conducto regular de que por ejemplo los seis astilleros del sector no tienen patente comercial y no est\u00e1n con las concesiones mar\u00edtimas vigentes para que ellos puedan realizar sus trabajos. Necesitamos que el Estado haga valer las leyes, que la Armada se haga responsable ante las denuncias que hemos hecho. Esperamos que con la llegada del Gobernador las entidades hagan su pega\u201d.<\/p>\n\n\n\n<p style=\"font-size:17px\">El Gobernador Regional de Los Lagos, Patricio Vallespin, lleg\u00f3 hasta el sector donde indic\u00f3 que \u201cest\u00e1 pasando lo que no queremos, si en la regi\u00f3n de Los Lagos vamos a optar por el desarrollo sustentable necesitamos que las autoridades competentes hagan su labor fiscalizando, por ejemplo, a m\u00e1s de siete naves varadas y abandonadas que hay en el sector por a\u00f1os. La ley faculta a la autoridad mar\u00edtima a actuar para que salgan estas naves porque est\u00e1n perjudicando la seguridad, navegaci\u00f3n, la pesca y preservaci\u00f3n del medio ambiente\u201d.<\/p>\n\n\n\n<p style=\"font-size:17px\">Vallespin agreg\u00f3 que \u201chay maestranzas y astilleros que est\u00e1n actuando de manera ilegal, podr\u00e1n seguir trabajando solo quienes tengan los permisos y autorizaciones pertinentes. Quienes no cumplan con esto, deber\u00e1n dejar el lugar porque generan ruidos molestos, entre otras situaciones no resueltas. La Superintendencia de Medio Ambiente y la Autoridad Sanitaria tienen que hacer su tarea de fiscalizar y controlar esto porque es insostenible\u201d.<\/p>\n\n\n\n<p style=\"font-size:17px\">En tanto, el diputado Alejandro Bernales, explic\u00f3 que \u201clas familias de Villa Marina la est\u00e1n pasando horrible porque tienen ruidos, contaminaci\u00f3n, su playa donde mariscaban y se ba\u00f1aban, se ha transformado en un basurero para los astilleros y tambi\u00e9n para quienes dejan sus barcos abandonados. Villa Marina no puede transformarse en una zona de sacrificio, necesitamos acciones concretas que devuelvan la tranquilidad a las familias\u201d.<\/p>\n\n\n\n<p style=\"font-size:17px\">Finalmente, se denunci\u00f3 la contaminaci\u00f3n que se realizan con combustibles, acci\u00f3n principalmente de naves mayores, perjuicio de los mismos armadores que usan el canal de Tenglo.&nbsp;<\/p>\n","protected":false},"excerpt":{"rendered":"<p>En Villa Marina de la comuna de Puerto Montt, el Gobernador Patricio Vallesp\u00edn junto al Diputado Alejandro Bernales y la comunidad, pidieron sacar del lugar naves marinas varadas que perjudican al medioambiente. Tambi\u00e9n, se solicit\u00f3 fiscalizar a quienes mantienen astilleros ilegales y la contaminaci\u00f3n existente en el lugar por parte de embarcaciones y personas que&#8230;<a class=\"btnReadMore\" href=\"https:\/\/www.semanariolocal.cl\/?p=1758\"> Leer M\u00e1s<\/a><\/p>\n","protected":false},"author":1,"featured_media":1759,"comment_status":"closed","ping_status":"closed","sticky":false,"template":"","format":"standard","meta":{"footnotes":""},"categories":[3],"tags":[],"class_list":["post-1758","post","type-post","status-publish","format-standard","has-post-thumbnail","hentry","category-al-dia"],"_links":{"self":[{"href":"https:\/\/www.semanariolocal.cl\/index.php?rest_route=\/wp\/v2\/posts\/1758","targetHints":{"allow":["GET"]}}],"collection":[{"href":"https:\/\/www.semanariolocal.cl\/index.php?rest_route=\/wp\/v2\/posts"}],"about":[{"href":"https:\/\/www.semanariolocal.cl\/index.php?rest_route=\/wp\/v2\/types\/post"}],"author":[{"embeddable":true,"href":"https:\/\/www.semanariolocal.cl\/index.php?rest_route=\/wp\/v2\/users\/1"}],"replies":[{"embeddable":true,"href":"https:\/\/www.semanariolocal.cl\/index.php?rest_route=%2Fwp%2Fv2%2Fcomments&post=1758"}],"version-history":[{"count":1,"href":"https:\/\/www.semanariolocal.cl\/index.php?rest_route=\/wp\/v2\/posts\/1758\/revisions"}],"predecessor-version":[{"id":1760,"href":"https:\/\/www.semanariolocal.cl\/index.php?rest_route=\/wp\/v2\/posts\/1758\/revisions\/1760"}],"wp:featuredmedia":[{"embeddable":true,"href":"https:\/\/www.semanariolocal.cl\/index.php?rest_route=\/wp\/v2\/media\/1759"}],"wp:attachment":[{"href":"https:\/\/www.semanariolocal.cl\/index.php?rest_route=%2Fwp%2Fv2%2Fmedia&parent=1758"}],"wp:term":[{"taxonomy":"category","embeddable":true,"href":"https:\/\/www.semanariolocal.cl\/index.php?rest_route=%2Fwp%2Fv2%2Fcategories&post=1758"},{"taxonomy":"post_tag","embeddable":true,"href":"https:\/\/www.semanariolocal.cl\/index.php?rest_route=%2Fwp%2Fv2%2Ftags&post=1758"}],"curies":[{"name":"wp","href":"https:\/\/api.w.org\/{rel}","templated":true}]}}