{"id":1749,"date":"2021-09-04T13:51:27","date_gmt":"2021-09-04T17:51:27","guid":{"rendered":"https:\/\/www.semanariolocal.cl\/?p=1749"},"modified":"2021-09-04T13:51:27","modified_gmt":"2021-09-04T17:51:27","slug":"gobernador-reg-busca-mejorar-conectividad-en-canal-dalcahue-con-3-barcazas","status":"publish","type":"post","link":"https:\/\/www.semanariolocal.cl\/?p=1749","title":{"rendered":"Gobernador Reg. busca mejorar conectividad en Canal Dalcahue con 3 barcazas"},"content":{"rendered":"\n<p style=\"font-size:17px\">En un dolor de cabeza se ha vuelto para los habitantes de la isla de Quinchao el poder trasladarse hacia la isla grande de Chilo\u00e9 y luego retornar a sus hogares, lo que se traduce en largas esperas para poder cruzar el Canal Dalcahue. Esta situaci\u00f3n, la entendi\u00f3 el reci\u00e9n asumido Gobernador, Patricio Vallespin, quien solicit\u00f3 a la ministra de Transporte y Telecomunicaciones, Gloria Hutt, poder contratar barcazas que mejoren la conectividad.<\/p>\n\n\n\n<p style=\"font-size:17px\">\u00abLa ministra de Transportes y Telecomunicaciones, Gloria Hutt, realizar\u00e1 un contrato directo con una empresa diferente a la actual para que con tres embarcaciones realice un transporte mar\u00edtimo en el Canal Dalcahue, conectando Dalcahue con la isla de Quinchao\u00bb, indic\u00f3 Patricio Vallespin.<\/p>\n\n\n\n<p style=\"font-size:17px\">El Gobernador de Los Lagos agradeci\u00f3 a la ministra tomar en cuenta su solicitud para mejorar la conectividad en el canal Dalcahue, el cual comenzar\u00eda a operar pronto con horarios y tarifas controladas. Adem\u00e1s, se inform\u00f3 que durante septiembre se realizar\u00e1n los tr\u00e1mites administrativos para comenzar a operar.<\/p>\n\n\n\n<p style=\"font-size:17px\">Esta es una gesti\u00f3n realizada en conjunto con el alcalde de Quinchao, Ren\u00e9 Garc\u00e9s, la alcaldesa de Curaco de V\u00e9lez, Javiera Y\u00e1\u00f1ez, consejeros regionales, concejales, dirigentes y la misma comunidad que se ha manifestado al respecto.<\/p>\n","protected":false},"excerpt":{"rendered":"<p>En un dolor de cabeza se ha vuelto para los habitantes de la isla de Quinchao el poder trasladarse hacia la isla grande de Chilo\u00e9 y luego retornar a sus hogares, lo que se traduce en largas esperas para poder cruzar el Canal Dalcahue. Esta situaci\u00f3n, la entendi\u00f3 el reci\u00e9n asumido Gobernador, Patricio Vallespin, quien&#8230;<a class=\"btnReadMore\" href=\"https:\/\/www.semanariolocal.cl\/?p=1749\"> Leer M\u00e1s<\/a><\/p>\n","protected":false},"author":1,"featured_media":1750,"comment_status":"closed","ping_status":"closed","sticky":false,"template":"","format":"standard","meta":{"footnotes":""},"categories":[3,8],"tags":[],"class_list":["post-1749","post","type-post","status-publish","format-standard","has-post-thumbnail","hentry","category-al-dia","category-comunas"],"_links":{"self":[{"href":"https:\/\/www.semanariolocal.cl\/index.php?rest_route=\/wp\/v2\/posts\/1749","targetHints":{"allow":["GET"]}}],"collection":[{"href":"https:\/\/www.semanariolocal.cl\/index.php?rest_route=\/wp\/v2\/posts"}],"about":[{"href":"https:\/\/www.semanariolocal.cl\/index.php?rest_route=\/wp\/v2\/types\/post"}],"author":[{"embeddable":true,"href":"https:\/\/www.semanariolocal.cl\/index.php?rest_route=\/wp\/v2\/users\/1"}],"replies":[{"embeddable":true,"href":"https:\/\/www.semanariolocal.cl\/index.php?rest_route=%2Fwp%2Fv2%2Fcomments&post=1749"}],"version-history":[{"count":1,"href":"https:\/\/www.semanariolocal.cl\/index.php?rest_route=\/wp\/v2\/posts\/1749\/revisions"}],"predecessor-version":[{"id":1751,"href":"https:\/\/www.semanariolocal.cl\/index.php?rest_route=\/wp\/v2\/posts\/1749\/revisions\/1751"}],"wp:featuredmedia":[{"embeddable":true,"href":"https:\/\/www.semanariolocal.cl\/index.php?rest_route=\/wp\/v2\/media\/1750"}],"wp:attachment":[{"href":"https:\/\/www.semanariolocal.cl\/index.php?rest_route=%2Fwp%2Fv2%2Fmedia&parent=1749"}],"wp:term":[{"taxonomy":"category","embeddable":true,"href":"https:\/\/www.semanariolocal.cl\/index.php?rest_route=%2Fwp%2Fv2%2Fcategories&post=1749"},{"taxonomy":"post_tag","embeddable":true,"href":"https:\/\/www.semanariolocal.cl\/index.php?rest_route=%2Fwp%2Fv2%2Ftags&post=1749"}],"curies":[{"name":"wp","href":"https:\/\/api.w.org\/{rel}","templated":true}]}}