{"id":1746,"date":"2021-09-04T13:43:36","date_gmt":"2021-09-04T17:43:36","guid":{"rendered":"https:\/\/www.semanariolocal.cl\/?p=1746"},"modified":"2021-09-04T13:43:36","modified_gmt":"2021-09-04T17:43:36","slug":"los-dos-funerales-del-presidente-allende","status":"publish","type":"post","link":"https:\/\/www.semanariolocal.cl\/?p=1746","title":{"rendered":"Los dos funerales del presidente Allende"},"content":{"rendered":"\n<p style=\"font-size:17px\">\u201cEl trabajo de Jorge Donoso Pacheco en torno al entierro semisecreto del presidente Salvador Allende en 1973, y su funeral oficial en 1990, cuando fue despedido por el presidente Patricio Aylwin, es una valiosa contribuci\u00f3n al esfuerzo por aportar nuevos antecedentes sobre un per\u00edodo tumultuoso de la vida de nuestro pa\u00eds sobre el cual queda mucho por investigar. (\u2026)&nbsp;<strong><em>Los dos funerales del presidente Allende<\/em><\/strong>&nbsp;son los hitos del hundimiento y el renacimiento de la democracia. Nos cost\u00f3 mucho recuperarla, y no podemos volver a perderla\u201d.<\/p>\n\n\n\n<p style=\"font-size:17px\">Estas palabras del pr\u00f3logo de Sergio Mu\u00f1oz Riveros son un fiel resumen del nuevo libro del periodista Jorge Donoso. Una cr\u00f3nica de dos hechos relevantes respecto al tratamiento que se le dio a la muerte del presidente Salvador Allende, una vez reci\u00e9n ocurrida por quienes se apropiaron ileg\u00edtimamente del poder; y luego, de parte del primer gobierno democr\u00e1tico post dictadura.<\/p>\n\n\n\n<p style=\"font-size:17px\">Los dos funerales del presidente Allende fue presentado de manera online ante m\u00e1s de 120 personas por la hija del mandatario, senadora Isabel Allende Bussi, el exministro Enrique Krauss y el sacerdote Felipe Berr\u00edos.<\/p>\n\n\n\n<p style=\"font-size:17px\">Enrique Krauss destac\u00f3 que \u201cla convocatoria responde al hecho de presentar un libro que desde muchos \u00e1ngulos a m\u00ed me parece realmente positivo y estimulante, no solo en la perspectiva del pasado, sino fundamentalmente en la coyuntura del presente\u201d.<\/p>\n\n\n\n<p style=\"font-size:17px\">Isabel Allende agradeci\u00f3 al autor por escribir el libro, \u201ccr\u00f3nica rigurosa, fina, delicada, a pesar de que entra en detalles que a veces para uno son un tanto sobrecogedores pero muy fidedignos. No es f\u00e1cil cuando uno rememora los dos funerales del presidente Allende (\u2026) Nos habla de lo que vivimos a partir de ese 11 de septiembre de 1973, pero junto con esa tristeza tambi\u00e9n es s\u00faper importante que se entregue a conocimiento, fidedigno a la verdad, lo que fueron esos dos momentos\u201d.<\/p>\n\n\n\n<p style=\"font-size:17px\">Con emoci\u00f3n, record\u00f3 c\u00f3mo se realiz\u00f3 casi en secreto el primer funeral de su padre. \u201cLo narra nuestro autor, Jorge Donoso, c\u00f3mo impidieron a toda costa que esto se pudiera conocer, hab\u00eda la m\u00e1s estricta censura, no hab\u00eda ninguna posibilidad de informarse, c\u00f3mo se hace de la manera m\u00e1s an\u00f3nima, el maltrato que recibi\u00f3 Tencha, su entereza\u201d, destac\u00f3.<\/p>\n\n\n\n<p style=\"font-size:17px\">Asimismo, la senadora hizo un reconocimiento a todos quienes acompa\u00f1aron a su familia y, particularmente, al presidente Patricio Aylwin y a monse\u00f1or Carlos Oviedo, por su decisi\u00f3n y valent\u00eda al realizar el funeral oficial una vez retornada la democracia.<\/p>\n\n\n\n<p style=\"font-size:17px\">Por su parte, el padre Felipe Berr\u00edos tambi\u00e9n agradeci\u00f3 el libro, \u201cporque estos testimonios son tan importantes, no solo para las nuevas generaciones sino que para todos nosotros, que muchas veces en ese tiempo hab\u00eda detalles que no supimos. Uno revive lo que fueron esos d\u00edas de grandeza humana y de peque\u00f1eces, bajezas tremendas, en un contexto de miedo\u201d.<\/p>\n\n\n\n<p style=\"font-size:17px\">Se\u00f1al\u00f3 que \u201cel presidente Salvador Allende simb\u00f3licamente ayud\u00f3 en esa restauraci\u00f3n de la democracia con su funeral, como diciendo: aqu\u00ed se retoma de nuevo la historia, y que son s\u00edmbolos muy importantes porque a muchos nos consta lo dif\u00edciles que fueron esos a\u00f1os de la recuperaci\u00f3n de la democracia (\u2026) Estamos en una etapa donde simb\u00f3licamente se cierra el funeral de Allende, porque se hacen vivas las palabras de \u00e9l, de que se abrir\u00e1n las grandes Alamedas donde pasar\u00e1 el pueblo libre, y es lo que est\u00e1 pasando con los constituyentes y la nueva constituci\u00f3n, en que terminamos este largo y dif\u00edcil proceso de transici\u00f3n\u201d.<\/p>\n\n\n\n<p style=\"font-size:17px\">Jorge Donoso Pacheco es periodista de la Universidad de Santiago y estudi\u00f3 Derecho en la Universidad de Chile. Fue director del Fort\u00edn Mapocho y subdirector de La Naci\u00f3n. Dentro de su amplio curr\u00edculum, se desempe\u00f1\u00f3 como columnista en diferentes medios, fue presidente del Colegio de Periodistas, presidente del directorio de Televisi\u00f3n Nacional de Chile e integrante del Consejo Nacional de Televisi\u00f3n.<\/p>\n\n\n\n<p style=\"font-size:17px\">Ocup\u00f3 los cargos de jefe de gabinete de los cuatro ministros de Justicia y del Interior durante el gobierno del presidente Eduardo Frei Montalva. Luego, en el per\u00edodo presidencial de Patricio Aylwin fue asesor jur\u00eddico del ministro Secretario General de Gobierno.<\/p>\n\n\n\n<p style=\"font-size:17px\">Es autor del libro Los 13 del 13, junto con la periodista Grace Dunlop, y&nbsp;<strong><em>Los dos funerales del Presidente Allende<\/em><\/strong>&nbsp;es su m\u00e1s reciente publicaci\u00f3n, que ya est\u00e1 a la venta en&nbsp;<a href=\"https:\/\/boletines.editorialforja.cl\/c\/262nz\/4kiopuiq\/zyvj3u2m1jc\" target=\"_blank\" rel=\"noreferrer noopener\">www.editorialforja.cl<\/a>&nbsp;y en formato ebook. Pronto estar\u00e1 disponible en las principales librer\u00edas de todo el pa\u00eds.<\/p>\n","protected":false},"excerpt":{"rendered":"<p>Este fin de semana se cumplen 21 a\u00f1os del funeral oficial \u2013el segundo funeral\u2013 del presidente Salvador Allende. En ese contexto, Editorial Forja acaba de lanzar el libro Los dos funerales del presidente Allende del periodista Jorge Donoso, quien como testigo en primera l\u00ednea, rescata estos importantes episodios de la historia de nuestro pa\u00eds.<\/p>\n","protected":false},"author":1,"featured_media":1747,"comment_status":"closed","ping_status":"closed","sticky":false,"template":"","format":"standard","meta":{"footnotes":""},"categories":[10],"tags":[],"class_list":["post-1746","post","type-post","status-publish","format-standard","has-post-thumbnail","hentry","category-cultura"],"_links":{"self":[{"href":"https:\/\/www.semanariolocal.cl\/index.php?rest_route=\/wp\/v2\/posts\/1746","targetHints":{"allow":["GET"]}}],"collection":[{"href":"https:\/\/www.semanariolocal.cl\/index.php?rest_route=\/wp\/v2\/posts"}],"about":[{"href":"https:\/\/www.semanariolocal.cl\/index.php?rest_route=\/wp\/v2\/types\/post"}],"author":[{"embeddable":true,"href":"https:\/\/www.semanariolocal.cl\/index.php?rest_route=\/wp\/v2\/users\/1"}],"replies":[{"embeddable":true,"href":"https:\/\/www.semanariolocal.cl\/index.php?rest_route=%2Fwp%2Fv2%2Fcomments&post=1746"}],"version-history":[{"count":1,"href":"https:\/\/www.semanariolocal.cl\/index.php?rest_route=\/wp\/v2\/posts\/1746\/revisions"}],"predecessor-version":[{"id":1748,"href":"https:\/\/www.semanariolocal.cl\/index.php?rest_route=\/wp\/v2\/posts\/1746\/revisions\/1748"}],"wp:featuredmedia":[{"embeddable":true,"href":"https:\/\/www.semanariolocal.cl\/index.php?rest_route=\/wp\/v2\/media\/1747"}],"wp:attachment":[{"href":"https:\/\/www.semanariolocal.cl\/index.php?rest_route=%2Fwp%2Fv2%2Fmedia&parent=1746"}],"wp:term":[{"taxonomy":"category","embeddable":true,"href":"https:\/\/www.semanariolocal.cl\/index.php?rest_route=%2Fwp%2Fv2%2Fcategories&post=1746"},{"taxonomy":"post_tag","embeddable":true,"href":"https:\/\/www.semanariolocal.cl\/index.php?rest_route=%2Fwp%2Fv2%2Ftags&post=1746"}],"curies":[{"name":"wp","href":"https:\/\/api.w.org\/{rel}","templated":true}]}}