{"id":174,"date":"2021-06-06T12:58:19","date_gmt":"2021-06-06T16:58:19","guid":{"rendered":"https:\/\/www.semanariolocal.cl\/?p=174"},"modified":"2021-06-06T12:58:20","modified_gmt":"2021-06-06T16:58:20","slug":"minvu-300-524-familias-beneficiadas-con-subsidio-para-sectores-medios-ds1","status":"publish","type":"post","link":"https:\/\/www.semanariolocal.cl\/?p=174","title":{"rendered":"Minvu: 300.524 familias beneficiadas con subsidio para Sectores Medios DS1"},"content":{"rendered":"\n<p style=\"font-size:17px\">Hoy se cumplen 10 a\u00f1os desde que el Ministerio de Vivienda y Urbanismo implement\u00f3 el Subsidio para Sectores Medios DS1, beneficio que permite a las familias adquirir o construir una vivienda en zonas urbanas o rurales. A la fecha,&nbsp;<strong>el Minvu ha beneficiado a 300.524 familias a lo largo del pa\u00eds<\/strong>&nbsp;a trav\u00e9s de este subsidio.<\/p>\n\n\n\n<p style=\"font-size:17px\">Sobre esto, el Ministro de Vivienda y Urbanismo, Felipe Ward, asegur\u00f3 que \u201cEn una d\u00e9cada hemos beneficiado a m\u00e1s de 300 mil familias de clase media, lo que se traduce en una&nbsp;<strong>mejora directa en la calidad de vida<\/strong>&nbsp;y&nbsp;<strong>acceso a oportunidades<\/strong>&nbsp;para todas ellas. En ese sentido, hemos aplicado mejoras en funci\u00f3n de&nbsp;las necesidades de las familias a lo largo de todo el pa\u00eds, con el objetivo de adaptar nuestras soluciones a la realidad de los chilenos. Aumentamos los montos de los subsidios, incentivamos con un subsidio adicional al buen pagador, aliviamos el pago del dividendo, entre otros, con la finalidad de flexibilizar las ayudas de acuerdo a los requerimientos que van surgiendo\u201d.<\/p>\n\n\n\n<p style=\"font-size:17px\">Una de las \u00faltimas modificaciones al subsidio para la clase media impulsadas por el titular de la cartera fue la&nbsp;<strong>flexibilizaci\u00f3n para que las familias puedan aplicarlo en cualquier regi\u00f3n de Chile<\/strong>. De esta manera, la cartera estableci\u00f3 una medida excepcional para todas aquellas familias que tengan un subsidio de Clase Media en su modalidad de adquisici\u00f3n de vivienda, levantando temporalmente la restricci\u00f3n de aplicaci\u00f3n para ser usado en cualquier lugar del pa\u00eds sin importar el lugar donde se realiz\u00f3 la postulaci\u00f3n.<\/p>\n\n\n\n<p style=\"font-size:17px\">De acuerdo a los datos entregados por el Minvu,&nbsp;<strong>el 67% de los beneficiarios fueron mujeres<\/strong>, Junto con esto, un 3% de los beneficiados con este subsidio corresponden a extranjeros.<\/p>\n\n\n\n<p style=\"font-size:17px\">Cabe destacar que este programa est\u00e1 compuesto por tres tramos de postulaci\u00f3n para acceder a soluciones habitacionales desde 1.100 UF hasta 2.200 UF en zona regular, y hasta 2.600 UF en zonas extremas del pa\u00eds.<\/p>\n\n\n\n<p style=\"font-size:17px\">Dentro de los principales requisitos para postular al Subsidio para la Clase Media se encuentran acreditar una&nbsp;<strong>cuenta de ahorro<\/strong>&nbsp;con una antig\u00fcedad m\u00ednima de 12 meses y contar con el ahorro m\u00ednimo exigido seg\u00fan tramo; tener&nbsp;<strong>Registro Social de Hogares<\/strong>&nbsp;y no superar el tramo de calificaci\u00f3n socioecon\u00f3mica que exige la alternativa (60%, 80% y estar inscrito).<\/p>\n","protected":false},"excerpt":{"rendered":"<p>Este 6 de junio se cumplen 10 a\u00f1os desde la publicaci\u00f3n en el Diario Oficial del decreto que dio inicio al Subsidio para Sectores Medios DS1, beneficio que permite a las familias adquirir o construir una vivienda en zonas urbanas o rurales.<\/p>\n","protected":false},"author":1,"featured_media":175,"comment_status":"closed","ping_status":"closed","sticky":false,"template":"","format":"standard","meta":{"footnotes":""},"categories":[3,9,4],"tags":[],"class_list":["post-174","post","type-post","status-publish","format-standard","has-post-thumbnail","hentry","category-al-dia","category-gobierno","category-reportajes"],"_links":{"self":[{"href":"https:\/\/www.semanariolocal.cl\/index.php?rest_route=\/wp\/v2\/posts\/174","targetHints":{"allow":["GET"]}}],"collection":[{"href":"https:\/\/www.semanariolocal.cl\/index.php?rest_route=\/wp\/v2\/posts"}],"about":[{"href":"https:\/\/www.semanariolocal.cl\/index.php?rest_route=\/wp\/v2\/types\/post"}],"author":[{"embeddable":true,"href":"https:\/\/www.semanariolocal.cl\/index.php?rest_route=\/wp\/v2\/users\/1"}],"replies":[{"embeddable":true,"href":"https:\/\/www.semanariolocal.cl\/index.php?rest_route=%2Fwp%2Fv2%2Fcomments&post=174"}],"version-history":[{"count":1,"href":"https:\/\/www.semanariolocal.cl\/index.php?rest_route=\/wp\/v2\/posts\/174\/revisions"}],"predecessor-version":[{"id":176,"href":"https:\/\/www.semanariolocal.cl\/index.php?rest_route=\/wp\/v2\/posts\/174\/revisions\/176"}],"wp:featuredmedia":[{"embeddable":true,"href":"https:\/\/www.semanariolocal.cl\/index.php?rest_route=\/wp\/v2\/media\/175"}],"wp:attachment":[{"href":"https:\/\/www.semanariolocal.cl\/index.php?rest_route=%2Fwp%2Fv2%2Fmedia&parent=174"}],"wp:term":[{"taxonomy":"category","embeddable":true,"href":"https:\/\/www.semanariolocal.cl\/index.php?rest_route=%2Fwp%2Fv2%2Fcategories&post=174"},{"taxonomy":"post_tag","embeddable":true,"href":"https:\/\/www.semanariolocal.cl\/index.php?rest_route=%2Fwp%2Fv2%2Ftags&post=174"}],"curies":[{"name":"wp","href":"https:\/\/api.w.org\/{rel}","templated":true}]}}