{"id":1737,"date":"2021-09-02T00:33:00","date_gmt":"2021-09-02T04:33:00","guid":{"rendered":"https:\/\/www.semanariolocal.cl\/?p=1737"},"modified":"2021-09-04T13:11:40","modified_gmt":"2021-09-04T17:11:40","slug":"refuerzan-dotacion-de-rehabilitacion-domiciliaria-covid-19","status":"publish","type":"post","link":"https:\/\/www.semanariolocal.cl\/?p=1737","title":{"rendered":"Refuerzan dotaci\u00f3n de Rehabilitaci\u00f3n Domiciliaria Covid-19"},"content":{"rendered":"\n<p style=\"font-size:17px\">La estrategia de Rehabilitaci\u00f3n Domiciliaria para personas post hospitalizaci\u00f3n por Covid-19, llevada adelante por el Servicio de Salud Osorno (SSO), a trav\u00e9s de su Departamento de Atenci\u00f3n Primaria (APS) e iniciada&nbsp;en septiembre del a\u00f1o 2020, sum\u00f3 recientemente&nbsp;equipos multidisciplinarios de refuerzo.<\/p>\n\n\n\n<p style=\"font-size:17px\">Dado el positivo impacto de este programa en la poblaci\u00f3n,&nbsp;a contar de agosto del presente a\u00f1o, se pas\u00f3 a contar con 28&nbsp;profesionales de Kinesiolog\u00eda, Terapia Ocupacional y Fonoaudiolog\u00eda.&nbsp;Esta dotaci\u00f3n, que ha ido aumentando progresivamente desde la implementaci\u00f3n de la estrategia, reforzar\u00e1 la cobertura de pacientes en recuperaci\u00f3n en todas las comunas de la provincia.<\/p>\n\n\n\n<p style=\"font-size:17px\">Estos equipos multidisciplinarios de refuerzo fueron presentados en el Hospital Base San Jos\u00e9 de Osorno (desde donde son derivados muchos de los pacientes), en una ceremonia que encabez\u00f3 el director del SSO, Dr. Daniel N\u00fa\u00f1ez; el subdirector de Gesti\u00f3n Asistencial del SSO, Dr. Jorge Castilla; y el jefe del Depto. APS-SSO, V\u00edctor Seguel.<\/p>\n\n\n\n<p style=\"font-size:17px\">Al respecto, el Dr. N\u00fa\u00f1ez destac\u00f3 que&nbsp;\u201ces una estrategia que para nosotros es sumamente importante, este es un refuerzo de la rehabilitaci\u00f3n para nuestros pacientes post Covid-19, es un grupo de profesionales que se han ido integrando cada vez m\u00e1s, tanto en el \u00e1mbito de la kinesiolog\u00eda, la terapia ocupacional y la fonoaudiolog\u00eda, y as\u00ed fuimos creciendo hasta que en agosto del 2021 ya existen equipos multidisciplinarios en cada comuna de la provincia\u201d.<\/p>\n\n\n\n<p style=\"font-size:17px\">A la fecha, la estrategia ha logrado una cobertura de sobre el 90%, con m\u00e1s de 1.100 personas evaluadas en toda la provincia. De ellos, sobre 700 han ingresado a la estrategia y sobre 500 ya han egresado. Asimismo, de las personas que han egresado tras el t\u00e9rmino de su proceso de rehabilitaci\u00f3n, el 89% recuper\u00f3 su independencia en la realizaci\u00f3n de sus actividades cotidianas, mientras que se contabilizan m\u00e1s de 5.600 sesiones de tratamiento.&nbsp;<\/p>\n\n\n\n<p style=\"font-size:17px\">De ello dio cuenta la&nbsp;encargada de la estrategia,&nbsp;Katherine Caballero, parte&nbsp;del Depto. APS-SSO.&nbsp;\u201cDesde septiembre del a\u00f1o 2020 a la fecha, ya contamos con m\u00e1s de 700 personas que han ingresado a la estrategia, es decir, que han recibido rehabilitaci\u00f3n en el domicilio y las respectivas coordinaciones con la Atenci\u00f3n Primaria en caso de requerir otras atenciones. La poblaci\u00f3n evaluada asciende a m\u00e1s de 1.100 personas en total, lo que nos da una cobertura por sobre el 90 por ciento\u201d, confirm\u00f3 la profesional. &nbsp;<\/p>\n\n\n\n<p style=\"font-size:17px\">Y detall\u00f3 que \u201ceste aumento de profesionales en terreno, responde a las necesidades identificadas en las personas que vienen egresando de hospitalizaci\u00f3n por Covid-19, o bien personas que meses despu\u00e9s de haber cursado la enfermedad, han requerido rehabilitaci\u00f3n\u201d.&nbsp;<\/p>\n","protected":false},"excerpt":{"rendered":"<p>A un a\u00f1o de la implementaci\u00f3n de esta estrategia del Servicio de Salud, se presentaron equipos multidisciplinarios de refuerzo, para cubrir las distintas comunas.<\/p>\n","protected":false},"author":1,"featured_media":1738,"comment_status":"closed","ping_status":"closed","sticky":false,"template":"","format":"standard","meta":{"footnotes":""},"categories":[3],"tags":[],"class_list":["post-1737","post","type-post","status-publish","format-standard","has-post-thumbnail","hentry","category-al-dia"],"_links":{"self":[{"href":"https:\/\/www.semanariolocal.cl\/index.php?rest_route=\/wp\/v2\/posts\/1737","targetHints":{"allow":["GET"]}}],"collection":[{"href":"https:\/\/www.semanariolocal.cl\/index.php?rest_route=\/wp\/v2\/posts"}],"about":[{"href":"https:\/\/www.semanariolocal.cl\/index.php?rest_route=\/wp\/v2\/types\/post"}],"author":[{"embeddable":true,"href":"https:\/\/www.semanariolocal.cl\/index.php?rest_route=\/wp\/v2\/users\/1"}],"replies":[{"embeddable":true,"href":"https:\/\/www.semanariolocal.cl\/index.php?rest_route=%2Fwp%2Fv2%2Fcomments&post=1737"}],"version-history":[{"count":1,"href":"https:\/\/www.semanariolocal.cl\/index.php?rest_route=\/wp\/v2\/posts\/1737\/revisions"}],"predecessor-version":[{"id":1739,"href":"https:\/\/www.semanariolocal.cl\/index.php?rest_route=\/wp\/v2\/posts\/1737\/revisions\/1739"}],"wp:featuredmedia":[{"embeddable":true,"href":"https:\/\/www.semanariolocal.cl\/index.php?rest_route=\/wp\/v2\/media\/1738"}],"wp:attachment":[{"href":"https:\/\/www.semanariolocal.cl\/index.php?rest_route=%2Fwp%2Fv2%2Fmedia&parent=1737"}],"wp:term":[{"taxonomy":"category","embeddable":true,"href":"https:\/\/www.semanariolocal.cl\/index.php?rest_route=%2Fwp%2Fv2%2Fcategories&post=1737"},{"taxonomy":"post_tag","embeddable":true,"href":"https:\/\/www.semanariolocal.cl\/index.php?rest_route=%2Fwp%2Fv2%2Ftags&post=1737"}],"curies":[{"name":"wp","href":"https:\/\/api.w.org\/{rel}","templated":true}]}}