{"id":1724,"date":"2021-09-02T08:09:00","date_gmt":"2021-09-02T12:09:00","guid":{"rendered":"https:\/\/www.semanariolocal.cl\/?p=1724"},"modified":"2021-09-03T00:17:13","modified_gmt":"2021-09-03T04:17:13","slug":"lanzan-convenio-por-mas-de-100-millones-de-pesos-para-red-local-de-purranque","status":"publish","type":"post","link":"https:\/\/www.semanariolocal.cl\/?p=1724","title":{"rendered":"Lanzan convenio por m\u00e1s de 100 millones de pesos para Red Local de Purranque"},"content":{"rendered":"\n<p style=\"font-size:17px\">Por medio de ceremonia efectuada en el Teatro Municipal se dio a conocer el lanzamiento del Convenio 2021 para el Programa Red Local de Apoyos y Cuidados Purranque, el que permitir\u00e1 mantener el trabajo desarrollado por 46 diadas que integran la Red por el lapso de doce meses. Se entiende por diada la unidad de intervenci\u00f3n biopsicosocial del programa, cada cual compuesta por la persona en situaci\u00f3n de dependencia funcional y la persona que entrega cuidados.<\/p>\n\n\n\n<p style=\"font-size:17px\">La actividad cont\u00f3 con la participaci\u00f3n del alcalde C\u00e9sar Crot, concejales Gabriel Ca\u00f1ete, Lidia Pinuer y Alicia Villar, Directora (s) DIDECO Viviana Navarro, SEREMI (S) de Desarrollo Social y Familia Jerko Rodr\u00edguez, adem\u00e1s de diversos funcionarios del equipo municipal. \u201cPurranque fue justamente una de las comunas piloto dentro de la regi\u00f3n de los Lagos en la implementaci\u00f3n del Programa Red Local, gracias al convenio con el Ministerio de Desarrollo Social y con apoyo del municipio, en lo significa la quinta etapa de este programa social en nuestra comuna\u201d, destac\u00f3 el alcalde C\u00e9sar Crot.<\/p>\n\n\n\n<p style=\"font-size:17px\">Durante la ceremonia se otorg\u00f3 espacio para los relatos de experiencias y testimonios por parte de las usuarias y vecinas Teresa Mansilla y Marisol Gallardo. Adem\u00e1s, se entregaron reconocimientos a seis profesionales con el fin de destacar su trabajo, dedicaci\u00f3n y compromiso. Estas fueron: Denis Costa (kinesi\u00f3loga), Romina Kahler (pod\u00f3loga), Leslie Soto (psic\u00f3loga), Paulina Alvarado (terapeuta ocupacional), Francisca Ojeda (fonoaudi\u00f3loga) y Karen Aravena (psicopedagoga).<\/p>\n\n\n\n<p style=\"font-size:17px\">&nbsp;\u201cQuisimos realizar una actividad distinta para celebrar este quinto convenio como programa, que va en directo beneficio de los usuarios y usuarias de nuestra comuna. Por eso invitamos a las ciudadoras principales, a representantes de la regional, a todo el equipo del programa, con motivo de este convenio que implica una transferencia total de 113 millones de pesos y fracci\u00f3n por parte del Ministerio hacia el nuestro programa\u201d, destac\u00f3 Carmen Zurita, coordinadora del Programa Red Local de Apoyos y Cuidados Purranque.<\/p>\n","protected":false},"excerpt":{"rendered":"<p>Por medio de ceremonia efectuada en el Teatro Municipal se dio a conocer el lanzamiento del Convenio 2021 para el Programa Red Local de Apoyos y Cuidados Purranque, el que permitir\u00e1 mantener el trabajo desarrollado por 46 diadas que integran la Red por el lapso de doce meses. Se entiende por diada la unidad de&#8230;<a class=\"btnReadMore\" href=\"https:\/\/www.semanariolocal.cl\/?p=1724\"> Leer M\u00e1s<\/a><\/p>\n","protected":false},"author":1,"featured_media":1725,"comment_status":"closed","ping_status":"closed","sticky":false,"template":"","format":"standard","meta":{"footnotes":""},"categories":[3,8],"tags":[],"class_list":["post-1724","post","type-post","status-publish","format-standard","has-post-thumbnail","hentry","category-al-dia","category-comunas"],"_links":{"self":[{"href":"https:\/\/www.semanariolocal.cl\/index.php?rest_route=\/wp\/v2\/posts\/1724","targetHints":{"allow":["GET"]}}],"collection":[{"href":"https:\/\/www.semanariolocal.cl\/index.php?rest_route=\/wp\/v2\/posts"}],"about":[{"href":"https:\/\/www.semanariolocal.cl\/index.php?rest_route=\/wp\/v2\/types\/post"}],"author":[{"embeddable":true,"href":"https:\/\/www.semanariolocal.cl\/index.php?rest_route=\/wp\/v2\/users\/1"}],"replies":[{"embeddable":true,"href":"https:\/\/www.semanariolocal.cl\/index.php?rest_route=%2Fwp%2Fv2%2Fcomments&post=1724"}],"version-history":[{"count":1,"href":"https:\/\/www.semanariolocal.cl\/index.php?rest_route=\/wp\/v2\/posts\/1724\/revisions"}],"predecessor-version":[{"id":1726,"href":"https:\/\/www.semanariolocal.cl\/index.php?rest_route=\/wp\/v2\/posts\/1724\/revisions\/1726"}],"wp:featuredmedia":[{"embeddable":true,"href":"https:\/\/www.semanariolocal.cl\/index.php?rest_route=\/wp\/v2\/media\/1725"}],"wp:attachment":[{"href":"https:\/\/www.semanariolocal.cl\/index.php?rest_route=%2Fwp%2Fv2%2Fmedia&parent=1724"}],"wp:term":[{"taxonomy":"category","embeddable":true,"href":"https:\/\/www.semanariolocal.cl\/index.php?rest_route=%2Fwp%2Fv2%2Fcategories&post=1724"},{"taxonomy":"post_tag","embeddable":true,"href":"https:\/\/www.semanariolocal.cl\/index.php?rest_route=%2Fwp%2Fv2%2Ftags&post=1724"}],"curies":[{"name":"wp","href":"https:\/\/api.w.org\/{rel}","templated":true}]}}