{"id":1715,"date":"2021-08-31T20:19:59","date_gmt":"2021-09-01T00:19:59","guid":{"rendered":"https:\/\/www.semanariolocal.cl\/?p=1715"},"modified":"2021-08-31T20:19:59","modified_gmt":"2021-09-01T00:19:59","slug":"diputados-udi-en-desacuerdo-para-desmilitarizar-y-politizar-a-las-policias","status":"publish","type":"post","link":"https:\/\/www.semanariolocal.cl\/?p=1715","title":{"rendered":"Diputados UDI en desacuerdo para \u201cdesmilitarizar\u201d y \u00abpolitizar a las polic\u00edas\u00bb"},"content":{"rendered":"\n<p style=\"font-size:17px\">El jefe de la Bancada UDI, Juan Antonio Coloma, junto a los diputados Jorge Alessandri y Cristi\u00e1n Labb\u00e9, advirtieron a la ciudadan\u00eda que la propuesta de la comisi\u00f3n de Derechos Humanos (DD.HH) de la Convenci\u00f3n Constitucional, que apunta a la \u201cdesmilitarizaci\u00f3n de la funci\u00f3n policial\u201d, provocar\u00eda que tanto Carabineros como la Polic\u00eda de Investigaciones (PDI) \u201cse queden sin herramientas legales para combatir la delincuencia, tomando el control del pa\u00eds quienes actualmente poseen armamento de manera ilegal, que son los narcos, los delincuentes y los grupos terroristas que operan con total impunidad en la Macrozona Sur\u201d.<\/p>\n\n\n\n<p style=\"font-size:17px\">Por lo mismo, los parlamentarios gremialistas cuestionaron duramente la propuesta de dicha comisi\u00f3n, la que solicita avanzar en una \u201cdesmilitarizaci\u00f3n de la funci\u00f3n policial, la disoluci\u00f3n del Consejo de Seguridad Nacional, la derogaci\u00f3n del C\u00f3digo de Justicia Militar y la eliminaci\u00f3n de la doctrina de Seguridad Nacional\u201d.<\/p>\n\n\n\n<p style=\"font-size:17px\">\u201cEn definitiva -aseguraron los diputados UDI-, lo que est\u00e1n proponiendo los convencionales constituyentes de izquierda es quitarle las armas a nuestras polic\u00edas y dejar que el control lo tomen los narcoterroristas y los delincuentes, debiendo Carabineros y la PDI enfrentarse a ellos sin ninguna otra herramienta que sus propios cuerpos y su integridad f\u00edsica\u201d, agregando que lo anterior \u201cdejar\u00eda en total indefensi\u00f3n a las familias chilenas, en especial las que viven en sectores m\u00e1s vulnerables, que pese a lo que piensa la oposici\u00f3n, s\u00ed valoran enormemente el trabajo de nuestras polic\u00edas\u201d.<\/p>\n\n\n\n<p style=\"font-size:17px\">\u201cLos constituyentes de extrema izquierda han llegado a tal absurdo de que no s\u00f3lo quieren arrogarse el poder sustituyendo a la instituci\u00f3n de Carabineros, sino que incluso quieren crear una nueva polic\u00eda que est\u00e9 a cargo de mantener el orden y la seguridad p\u00fablica, pero desmilitarizada, es decir, sin ninguna herramienta m\u00e1s que sus propios cuerpos, priv\u00e1ndolos de poder defenderse ellos y a los propios chilenos\u201d, insistieron Coloma, Alessandri y Labb\u00e9.<\/p>\n\n\n\n<p style=\"font-size:17px\">Por \u00faltimo, los parlamentarios gremialistas emplazaron a los constituyentes que presentaron dicha propuesta \u201ca que le sinceren a la ciudadan\u00eda su real intenci\u00f3n, que es crear una nueva polic\u00eda que responda m\u00e1s bien a sus propios intereses pol\u00edticos, como la que existe en reg\u00edmenes como Cuba, y no una instituci\u00f3n que est\u00e9 al servicio de los chilenos\u201d.<\/p>\n","protected":false},"excerpt":{"rendered":"<p>Coloma, Alessandri y Labb\u00e9 aseguraron que los representantes de la extrema izquierda \u201chan llegado al absurdo de querer sustituir a nuestras instituciones policiales por una de car\u00e1cter pol\u00edtico, como la que existe en reg\u00edmenes como Cuba, que responda m\u00e1s a sus propios intereses pol\u00edticos que a los de la ciudadan\u00eda\u201d. <\/p>\n","protected":false},"author":1,"featured_media":1716,"comment_status":"closed","ping_status":"closed","sticky":false,"template":"","format":"standard","meta":{"footnotes":""},"categories":[3,6],"tags":[],"class_list":["post-1715","post","type-post","status-publish","format-standard","has-post-thumbnail","hentry","category-al-dia","category-politica"],"_links":{"self":[{"href":"https:\/\/www.semanariolocal.cl\/index.php?rest_route=\/wp\/v2\/posts\/1715","targetHints":{"allow":["GET"]}}],"collection":[{"href":"https:\/\/www.semanariolocal.cl\/index.php?rest_route=\/wp\/v2\/posts"}],"about":[{"href":"https:\/\/www.semanariolocal.cl\/index.php?rest_route=\/wp\/v2\/types\/post"}],"author":[{"embeddable":true,"href":"https:\/\/www.semanariolocal.cl\/index.php?rest_route=\/wp\/v2\/users\/1"}],"replies":[{"embeddable":true,"href":"https:\/\/www.semanariolocal.cl\/index.php?rest_route=%2Fwp%2Fv2%2Fcomments&post=1715"}],"version-history":[{"count":1,"href":"https:\/\/www.semanariolocal.cl\/index.php?rest_route=\/wp\/v2\/posts\/1715\/revisions"}],"predecessor-version":[{"id":1717,"href":"https:\/\/www.semanariolocal.cl\/index.php?rest_route=\/wp\/v2\/posts\/1715\/revisions\/1717"}],"wp:featuredmedia":[{"embeddable":true,"href":"https:\/\/www.semanariolocal.cl\/index.php?rest_route=\/wp\/v2\/media\/1716"}],"wp:attachment":[{"href":"https:\/\/www.semanariolocal.cl\/index.php?rest_route=%2Fwp%2Fv2%2Fmedia&parent=1715"}],"wp:term":[{"taxonomy":"category","embeddable":true,"href":"https:\/\/www.semanariolocal.cl\/index.php?rest_route=%2Fwp%2Fv2%2Fcategories&post=1715"},{"taxonomy":"post_tag","embeddable":true,"href":"https:\/\/www.semanariolocal.cl\/index.php?rest_route=%2Fwp%2Fv2%2Ftags&post=1715"}],"curies":[{"name":"wp","href":"https:\/\/api.w.org\/{rel}","templated":true}]}}