{"id":1712,"date":"2021-08-31T20:16:06","date_gmt":"2021-09-01T00:16:06","guid":{"rendered":"https:\/\/www.semanariolocal.cl\/?p=1712"},"modified":"2021-08-31T20:16:06","modified_gmt":"2021-09-01T00:16:06","slug":"diputado-fidel-espinoza-respalda-un-cuarto-retiro-del-10","status":"publish","type":"post","link":"https:\/\/www.semanariolocal.cl\/?p=1712","title":{"rendered":"Diputado Fidel Espinoza respalda un cuarto retiro del 10%"},"content":{"rendered":"\n<p style=\"font-size:17px\">El diputado socialista por el Distrito 25, Fidel Espinoza Sandoval, entreg\u00f3 su absoluto respaldo a un cuarto retiro del 10% de fondos previsionales, cuya discusi\u00f3n comienza este mi\u00e9rcoles en la Comisi\u00f3n de Constituci\u00f3n de la C\u00e1mara de Diputados y Diputadas. &nbsp;<\/p>\n\n\n\n<p style=\"font-size:17px\">Para Espinoza, el Gobierno ha llegado tarde con los beneficios y muchos de ellos a la fecha han sido insuficientes, para satisfacer las necesidades de la ciudadan\u00eda. \u201cEncuentro inconcebible que el propio candidato presidencial de la derecha, Sebasti\u00e1n Sichel, hoy este presionando de manera bastante poco decorosa e indebida a sus parlamentarios para rechazar este proyecto\u201d, se\u00f1alo el parlamentario. &nbsp;<\/p>\n\n\n\n<p style=\"font-size:17px\">\u201cNosotros hemos sido claros y enf\u00e1ticos, este cuarto retiro ser\u00e1 el \u00faltimo que apoyaremos &nbsp;con bastante fuerza, porque creemos y consideramos de enorme relevancia que las personas tengan un respiro y alivio en este \u00faltimo semestre del a\u00f1o, para poder paliar y satisfacer las necesidades que esta pandemia ha tra\u00eddo consigo\u201d, enfatiz\u00f3 el congresista.&nbsp;<\/p>\n\n\n\n<p style=\"font-size:17px\">El diputado PS hizo un llamado a todos los parlamentarios de la Regi\u00f3n de Los Lagos a transparentar su decisi\u00f3n, s\u00ed est\u00e1n con la ciudadan\u00eda o defienden los intereses de las AFPs.<\/p>\n\n\n\n<p style=\"font-size:17px\">Para finalizar, el ex presidente de la C\u00e1mara baja expres\u00f3&nbsp; estar de acuerdo con&nbsp; un cuarto retiro de fondos y adem\u00e1s agreg\u00f3 que \u201cen casos que las personas en el futuro no tengan la posibilidad de tener una pensi\u00f3n digna puedan retirar incluso el 100% de sus fondos ahorrados en las AFPs\u201d.<\/p>\n","protected":false},"excerpt":{"rendered":"<p>El diputado socialista por el Distrito 25, Fidel Espinoza Sandoval, entreg\u00f3 su absoluto respaldo a un cuarto retiro del 10% de fondos previsionales, cuya discusi\u00f3n comienza este mi\u00e9rcoles en la Comisi\u00f3n de Constituci\u00f3n de la C\u00e1mara de Diputados y Diputadas. &nbsp; Para Espinoza, el Gobierno ha llegado tarde con los beneficios y muchos de ellos&#8230;<a class=\"btnReadMore\" href=\"https:\/\/www.semanariolocal.cl\/?p=1712\"> Leer M\u00e1s<\/a><\/p>\n","protected":false},"author":1,"featured_media":1713,"comment_status":"closed","ping_status":"closed","sticky":false,"template":"","format":"standard","meta":{"footnotes":""},"categories":[6],"tags":[],"class_list":["post-1712","post","type-post","status-publish","format-standard","has-post-thumbnail","hentry","category-politica"],"_links":{"self":[{"href":"https:\/\/www.semanariolocal.cl\/index.php?rest_route=\/wp\/v2\/posts\/1712","targetHints":{"allow":["GET"]}}],"collection":[{"href":"https:\/\/www.semanariolocal.cl\/index.php?rest_route=\/wp\/v2\/posts"}],"about":[{"href":"https:\/\/www.semanariolocal.cl\/index.php?rest_route=\/wp\/v2\/types\/post"}],"author":[{"embeddable":true,"href":"https:\/\/www.semanariolocal.cl\/index.php?rest_route=\/wp\/v2\/users\/1"}],"replies":[{"embeddable":true,"href":"https:\/\/www.semanariolocal.cl\/index.php?rest_route=%2Fwp%2Fv2%2Fcomments&post=1712"}],"version-history":[{"count":1,"href":"https:\/\/www.semanariolocal.cl\/index.php?rest_route=\/wp\/v2\/posts\/1712\/revisions"}],"predecessor-version":[{"id":1714,"href":"https:\/\/www.semanariolocal.cl\/index.php?rest_route=\/wp\/v2\/posts\/1712\/revisions\/1714"}],"wp:featuredmedia":[{"embeddable":true,"href":"https:\/\/www.semanariolocal.cl\/index.php?rest_route=\/wp\/v2\/media\/1713"}],"wp:attachment":[{"href":"https:\/\/www.semanariolocal.cl\/index.php?rest_route=%2Fwp%2Fv2%2Fmedia&parent=1712"}],"wp:term":[{"taxonomy":"category","embeddable":true,"href":"https:\/\/www.semanariolocal.cl\/index.php?rest_route=%2Fwp%2Fv2%2Fcategories&post=1712"},{"taxonomy":"post_tag","embeddable":true,"href":"https:\/\/www.semanariolocal.cl\/index.php?rest_route=%2Fwp%2Fv2%2Ftags&post=1712"}],"curies":[{"name":"wp","href":"https:\/\/api.w.org\/{rel}","templated":true}]}}